{"id":261835,"date":"2023-01-09T09:37:10","date_gmt":"2023-01-09T12:37:10","guid":{"rendered":"https:\/\/www.caririemacao.com\/1\/?p=261835"},"modified":"2023-01-09T09:37:10","modified_gmt":"2023-01-09T12:37:10","slug":"bolsonaro-diz-que-depredacoes-fogem-a-regra-e-reage-a-lula","status":"publish","type":"post","link":"https:\/\/www.caririemacao.com\/1\/2023\/01\/09\/bolsonaro-diz-que-depredacoes-fogem-a-regra-e-reage-a-lula\/","title":{"rendered":"Bolsonaro diz que depreda\u00e7\u00f5es \u2018fogem \u00e0 regra\u2019 e reage a Lula"},"content":{"rendered":"<p>O ex-presidente Jair Bolsonaro (PL) se manifestou na noite deste domingo (08) sobre os ataques de apoiadores aos pr\u00e9dios do Congresso Nacional, Supremo Tribunal Federal (STF) e Pal\u00e1cio do Planalto.<\/p>\n<p>Nas redes sociais, Bolsonaro disse que repudia as depreda\u00e7\u00f5es, mas tenta associar as ocorr\u00eancias a partidos de esquerda.<\/p>\n<p>Em nota, o ex-presidente tamb\u00e9m afirmou que repudia associa\u00e7\u00f5es dos ataques a seu nome.<\/p>\n<p>Veja:<\/p>\n<p><em>Manifesta\u00e7\u00f5es pac\u00edficas, na forma da lei, fazem parte da democracia. Contudo, depreda\u00e7\u00f5es e invas\u00f5es de pr\u00e9dios p\u00fablicos como ocorridos no dia de hoje, assim como os praticados pela esquerda em 2013 e 2017, fogem \u00e0 regra.<\/em><\/p>\n<p><em>Ao longo do meu mandato, sempre estive dentro das quatro linhas da Constitui\u00e7\u00e3o respeitando e defendendo as leis, a democracia, a transpar\u00eancia e a nossa sagrada liberdade.<\/em><\/p>\n<p><em>No mais, repudio as acusa\u00e7\u00f5es, sem provas, a mim atribu\u00eddas por parte do atual chefe do executivo do Brasil.<\/em><\/p>\n<p>&nbsp;<\/p>\n","protected":false},"excerpt":{"rendered":"<p>O ex-presidente Jair Bolsonaro (PL) se manifestou na noite deste domingo (08) sobre os ataques de apoiadores aos pr\u00e9dios do Congresso Nacional, Supremo Tribunal Federal&hellip; <\/p>\n","protected":false},"author":6,"featured_media":261481,"comment_status":"closed","ping_status":"closed","sticky":false,"template":"","format":"standard","meta":{"sfsi_plus_gutenberg_text_before_share":"","sfsi_plus_gutenberg_show_text_before_share":"","sfsi_plus_gutenberg_icon_type":"","sfsi_plus_gutenberg_icon_alignemt":"","sfsi_plus_gutenburg_max_per_row":"","footnotes":""},"categories":[123],"tags":[],"class_list":["post-261835","post","type-post","status-publish","format-standard","has-post-thumbnail","hentry","category-brasil"],"_links":{"self":[{"href":"https:\/\/www.caririemacao.com\/1\/wp-json\/wp\/v2\/posts\/261835","targetHints":{"allow":["GET"]}}],"collection":[{"href":"https:\/\/www.caririemacao.com\/1\/wp-json\/wp\/v2\/posts"}],"about":[{"href":"https:\/\/www.caririemacao.com\/1\/wp-json\/wp\/v2\/types\/post"}],"author":[{"embeddable":true,"href":"https:\/\/www.caririemacao.com\/1\/wp-json\/wp\/v2\/users\/6"}],"replies":[{"embeddable":true,"href":"https:\/\/www.caririemacao.com\/1\/wp-json\/wp\/v2\/comments?post=261835"}],"version-history":[{"count":1,"href":"https:\/\/www.caririemacao.com\/1\/wp-json\/wp\/v2\/posts\/261835\/revisions"}],"predecessor-version":[{"id":261836,"href":"https:\/\/www.caririemacao.com\/1\/wp-json\/wp\/v2\/posts\/261835\/revisions\/261836"}],"wp:featuredmedia":[{"embeddable":true,"href":"https:\/\/www.caririemacao.com\/1\/wp-json\/wp\/v2\/media\/261481"}],"wp:attachment":[{"href":"https:\/\/www.caririemacao.com\/1\/wp-json\/wp\/v2\/media?parent=261835"}],"wp:term":[{"taxonomy":"category","embeddable":true,"href":"https:\/\/www.caririemacao.com\/1\/wp-json\/wp\/v2\/categories?post=261835"},{"taxonomy":"post_tag","embeddable":true,"href":"https:\/\/www.caririemacao.com\/1\/wp-json\/wp\/v2\/tags?post=261835"}],"curies":[{"name":"wp","href":"https:\/\/api.w.org\/{rel}","templated":true}]}}