{"id":261839,"date":"2023-01-09T09:41:32","date_gmt":"2023-01-09T12:41:32","guid":{"rendered":"https:\/\/www.caririemacao.com\/1\/?p=261839"},"modified":"2023-01-09T09:41:32","modified_gmt":"2023-01-09T12:41:32","slug":"governador-joao-azevedo-autoriza-envio-de-policiais-paraibanos-para-auxiliar-na-seguranca-do-distrito-federal","status":"publish","type":"post","link":"https:\/\/www.caririemacao.com\/1\/2023\/01\/09\/governador-joao-azevedo-autoriza-envio-de-policiais-paraibanos-para-auxiliar-na-seguranca-do-distrito-federal\/","title":{"rendered":"Governador Jo\u00e3o Azev\u00eado autoriza envio de policiais paraibanos para auxiliar na seguran\u00e7a do Distrito Federal"},"content":{"rendered":"<header class=\"pg-newDetail__header\">\n<div class=\"gs-container\">\n<div class=\"pg-newDetail__header__content\">\n<p class=\"pg-newDetail__resume\"><em><strong>Jo\u00e3o Azev\u00eado informou que ser\u00e3o enviados 30 policiais militares para auxiliar na seguran\u00e7a da Esplanada dos Minist\u00e9rios e na Pra\u00e7a dos Tr\u00eas Poderes.<\/strong><\/em><\/p>\n<\/div>\n<\/div>\n<\/header>\n<div class=\"pg-newDetail__main gs-container\">\n<p>O governador Jo\u00e3o Azev\u00eado anunciou a autoriza\u00e7\u00e3o do envio de trinta policiais paraibanos para ajudar na seguran\u00e7a em Bras\u00edlia, ap\u00f3s os atos golpistas ocorridos neste domingo (8).<\/p>\n<p>Em publica\u00e7\u00e3o nas redes sociais, Jo\u00e3o Azev\u00eado informou que ser\u00e3o enviados 30 policiais militares para auxiliar na seguran\u00e7a da Esplanada dos Minist\u00e9rios e na Pra\u00e7a dos Tr\u00eas Poderes.<\/p>\n<p>&#8220;Autorizei agora, a pedido do Governo Federal, o envio de 30 policiais paraibanos para ajudar as for\u00e7as de seguran\u00e7a nacional a manter a ordem, proteger as institui\u00e7\u00f5es e o patrim\u00f4nio p\u00fablico, bem como combater o vandalismo e o terrorismo no Distrito Federal&#8221;, afirmou.<\/p>\n<blockquote class=\"twitter-tweet\" data-twitter-extracted-i1673267954929123146=\"true\"><p>Autorizei agora, a pedido do Governo Federal, o envio de 30 policiais paraibanos para ajudar as for\u00e7as de seguran\u00e7a nacional a manter a ordem, proteger as institui\u00e7\u00f5es e o patrim\u00f4nio p\u00fablico, bem como combater o vandalismo e o terrorismo no Distrito Federal.<br \/>\n\u2014 Jo\u00e3o Azev\u00eado (@joaoazevedolins)\u00a0<a href=\"https:\/\/twitter.com\/joaoazevedolins\/status\/1612239484405387264?ref_src=twsrc%5Etfw\">January 9, 2023<\/a><\/p><\/blockquote>\n<blockquote data-twitter-extracted-i1673267954929123146=\"true\"><p>FONTE: Click PB<\/p><\/blockquote>\n<\/div>\n","protected":false},"excerpt":{"rendered":"<p>Jo\u00e3o Azev\u00eado informou que ser\u00e3o enviados 30 policiais militares para auxiliar na seguran\u00e7a da Esplanada dos Minist\u00e9rios e na Pra\u00e7a dos Tr\u00eas Poderes. O governador&hellip; <\/p>\n","protected":false},"author":6,"featured_media":261840,"comment_status":"closed","ping_status":"closed","sticky":false,"template":"","format":"standard","meta":{"sfsi_plus_gutenberg_text_before_share":"","sfsi_plus_gutenberg_show_text_before_share":"","sfsi_plus_gutenberg_icon_type":"","sfsi_plus_gutenberg_icon_alignemt":"","sfsi_plus_gutenburg_max_per_row":"","footnotes":""},"categories":[50],"tags":[],"class_list":["post-261839","post","type-post","status-publish","format-standard","has-post-thumbnail","hentry","category-destaque"],"_links":{"self":[{"href":"https:\/\/www.caririemacao.com\/1\/wp-json\/wp\/v2\/posts\/261839","targetHints":{"allow":["GET"]}}],"collection":[{"href":"https:\/\/www.caririemacao.com\/1\/wp-json\/wp\/v2\/posts"}],"about":[{"href":"https:\/\/www.caririemacao.com\/1\/wp-json\/wp\/v2\/types\/post"}],"author":[{"embeddable":true,"href":"https:\/\/www.caririemacao.com\/1\/wp-json\/wp\/v2\/users\/6"}],"replies":[{"embeddable":true,"href":"https:\/\/www.caririemacao.com\/1\/wp-json\/wp\/v2\/comments?post=261839"}],"version-history":[{"count":1,"href":"https:\/\/www.caririemacao.com\/1\/wp-json\/wp\/v2\/posts\/261839\/revisions"}],"predecessor-version":[{"id":261841,"href":"https:\/\/www.caririemacao.com\/1\/wp-json\/wp\/v2\/posts\/261839\/revisions\/261841"}],"wp:featuredmedia":[{"embeddable":true,"href":"https:\/\/www.caririemacao.com\/1\/wp-json\/wp\/v2\/media\/261840"}],"wp:attachment":[{"href":"https:\/\/www.caririemacao.com\/1\/wp-json\/wp\/v2\/media?parent=261839"}],"wp:term":[{"taxonomy":"category","embeddable":true,"href":"https:\/\/www.caririemacao.com\/1\/wp-json\/wp\/v2\/categories?post=261839"},{"taxonomy":"post_tag","embeddable":true,"href":"https:\/\/www.caririemacao.com\/1\/wp-json\/wp\/v2\/tags?post=261839"}],"curies":[{"name":"wp","href":"https:\/\/api.w.org\/{rel}","templated":true}]}}