{"id":261842,"date":"2023-01-09T09:42:51","date_gmt":"2023-01-09T12:42:51","guid":{"rendered":"https:\/\/www.caririemacao.com\/1\/?p=261842"},"modified":"2023-01-09T09:42:51","modified_gmt":"2023-01-09T12:42:51","slug":"de-volta-a-brasilia-lula-vai-ao-planalto-e-ao-stf-e-confere-os-estragos-feitos-por-terroristas-bolsonaristas-serao-punidos","status":"publish","type":"post","link":"https:\/\/www.caririemacao.com\/1\/2023\/01\/09\/de-volta-a-brasilia-lula-vai-ao-planalto-e-ao-stf-e-confere-os-estragos-feitos-por-terroristas-bolsonaristas-serao-punidos\/","title":{"rendered":"De volta a Bras\u00edlia, Lula vai ao Planalto e ao STF e confere os estragos feitos por terroristas bolsonaristas: &#8216;Ser\u00e3o punidos&#8217;"},"content":{"rendered":"<header class=\"pg-newDetail__header\">\n<div class=\"gs-container\">\n<div class=\"pg-newDetail__header__content\">\n<p class=\"pg-newDetail__resume\"><em><strong>Presidente estava em Araraquara (SP), vendo efeitos das chuvas intensas, quando v\u00e2ndalos invadiram e depredaram a sede dos tr\u00eas poderes. No STF, Lula foi recebido por ministros.<\/strong><\/em><\/p>\n<p>De volta a Bras\u00edlia na noite deste domingo (8), Lula foi para o Pal\u00e1cio do Planalto conferir o estrago feito por terroristas bolsonaristas na sede do Poder Executivo. Depois, foi ao pr\u00e9dio do Supremo Tribunal Federal (STF), tamb\u00e9m alvo dos v\u00e2ndalos.<\/p>\n<p>O presidente tinha ido, pela manh\u00e3 para Araraquara, no interior de S\u00e3o Paulo. Ele foi ver os efeitos das chuvas intensas na cidade.<\/p>\n<p>No meio da tarde, bolsonaristas come\u00e7aram a chegar \u00e0 Pra\u00e7a dos Tr\u00eas Poderes, em Bras\u00edlia, e invadiram e depredaram, al\u00e9m de Planalto e STF, o Congresso Nacional.<\/p>\n<figure><img decoding=\"async\" data-src=\"https:\/\/www.clickpb.com.br\/media\/filer_public\/22\/83\/2283207c-c15b-48be-8e1e-6c924317138f\/pgm-globonews-limpo-ao-vivo-20230108-2159-frame-58541.webp\" data-image=\"207005\" src=\"data:image\/svg+xml;base64,PHN2ZyB3aWR0aD0iMSIgaGVpZ2h0PSIxIiB4bWxucz0iaHR0cDovL3d3dy53My5vcmcvMjAwMC9zdmciPjwvc3ZnPg==\" class=\"lazyload\" \/><\/figure>\n<p><em>Lula \u00e9 recebido no STF pelos ministros da Corte \u2014 Foto: Reprodu\u00e7\u00e3o<\/em><\/p>\n<p>Ainda em Araraquara, ap\u00f3s os atos dos v\u00e2ndalos, Lula decretou interven\u00e7\u00e3o federal na seguran\u00e7a p\u00fablica de Bras\u00edlia. Dentro do governo federal h\u00e1 o entendimento de que Pol\u00edcia Militar do DF foi omissa.<\/p>\n<p>Por volta de 21h, o presidente chegou de volta \u00e0 capital federal. Os terroristas j\u00e1 haviam sido presos ou escoltados para fora da regi\u00e3o da Pra\u00e7a dos Tr\u00eas Poderes.<\/p>\n<p>Lula visitou primeiramente o Planalto. O presidente encontrou o mobili\u00e1rio destru\u00eddo, vidra\u00e7as quebradas e obras de arte rasgadas.<\/p>\n<p>Depois, atravessou a pra\u00e7a e foi at\u00e9 o STF. L\u00e1 o cen\u00e1rio de destrui\u00e7\u00e3o era o mesmo. Ele foi recebido pela presidente da Corte, ministra Rosa Weber, e pelos ministros Dias Toffoli e Luis Roberto Barroso.<\/p>\n<p>Lula tuitou sobre sua ida ao Planalto e STF e disse que os respons\u00e1veis pelo terrorismo ser\u00e3o punidos.<\/p>\n<p>&#8220;Estive agora \u00e0 noite no Pal\u00e1cio do Planalto e no STF. Os golpistas que promoveram a destrui\u00e7\u00e3o do patrim\u00f4nio p\u00fablico em Bras\u00edlia est\u00e3o sendo identificados e ser\u00e3o punidos. Amanh\u00e3 retomamos os trabalhos no Pal\u00e1cio do Planalto. Democracia sempre. Boa noite&#8221;, escreveu o presidente.<\/p>\n<p>FONTE: Click PB<\/p>\n<\/div>\n<\/div>\n<\/header>\n<div class=\"pg-newDetail__main gs-container\"><\/div>\n","protected":false},"excerpt":{"rendered":"<p>Presidente estava em Araraquara (SP), vendo efeitos das chuvas intensas, quando v\u00e2ndalos invadiram e depredaram a sede dos tr\u00eas poderes. No STF, Lula foi recebido&hellip; <\/p>\n","protected":false},"author":6,"featured_media":261843,"comment_status":"closed","ping_status":"closed","sticky":false,"template":"","format":"standard","meta":{"sfsi_plus_gutenberg_text_before_share":"","sfsi_plus_gutenberg_show_text_before_share":"","sfsi_plus_gutenberg_icon_type":"","sfsi_plus_gutenberg_icon_alignemt":"","sfsi_plus_gutenburg_max_per_row":"","footnotes":""},"categories":[50],"tags":[],"class_list":["post-261842","post","type-post","status-publish","format-standard","has-post-thumbnail","hentry","category-destaque"],"_links":{"self":[{"href":"https:\/\/www.caririemacao.com\/1\/wp-json\/wp\/v2\/posts\/261842","targetHints":{"allow":["GET"]}}],"collection":[{"href":"https:\/\/www.caririemacao.com\/1\/wp-json\/wp\/v2\/posts"}],"about":[{"href":"https:\/\/www.caririemacao.com\/1\/wp-json\/wp\/v2\/types\/post"}],"author":[{"embeddable":true,"href":"https:\/\/www.caririemacao.com\/1\/wp-json\/wp\/v2\/users\/6"}],"replies":[{"embeddable":true,"href":"https:\/\/www.caririemacao.com\/1\/wp-json\/wp\/v2\/comments?post=261842"}],"version-history":[{"count":1,"href":"https:\/\/www.caririemacao.com\/1\/wp-json\/wp\/v2\/posts\/261842\/revisions"}],"predecessor-version":[{"id":261844,"href":"https:\/\/www.caririemacao.com\/1\/wp-json\/wp\/v2\/posts\/261842\/revisions\/261844"}],"wp:featuredmedia":[{"embeddable":true,"href":"https:\/\/www.caririemacao.com\/1\/wp-json\/wp\/v2\/media\/261843"}],"wp:attachment":[{"href":"https:\/\/www.caririemacao.com\/1\/wp-json\/wp\/v2\/media?parent=261842"}],"wp:term":[{"taxonomy":"category","embeddable":true,"href":"https:\/\/www.caririemacao.com\/1\/wp-json\/wp\/v2\/categories?post=261842"},{"taxonomy":"post_tag","embeddable":true,"href":"https:\/\/www.caririemacao.com\/1\/wp-json\/wp\/v2\/tags?post=261842"}],"curies":[{"name":"wp","href":"https:\/\/api.w.org\/{rel}","templated":true}]}}