{"id":261845,"date":"2023-01-09T09:44:30","date_gmt":"2023-01-09T12:44:30","guid":{"rendered":"https:\/\/www.caririemacao.com\/1\/?p=261845"},"modified":"2023-01-09T09:44:30","modified_gmt":"2023-01-09T12:44:30","slug":"rosa-weber-diz-que-stf-nao-se-deixara-intimidar-por-atos-criminosos-e-atuara-contra-terroristas","status":"publish","type":"post","link":"https:\/\/www.caririemacao.com\/1\/2023\/01\/09\/rosa-weber-diz-que-stf-nao-se-deixara-intimidar-por-atos-criminosos-e-atuara-contra-terroristas\/","title":{"rendered":"Rosa Weber diz que STF n\u00e3o se deixar\u00e1 intimidar por atos criminosos e atuar\u00e1 contra &#8216;terroristas&#8217;"},"content":{"rendered":"<header class=\"pg-newDetail__header\">\n<div class=\"gs-container\">\n<div class=\"pg-newDetail__header__content\">\n<p class=\"pg-newDetail__resume\"><em><strong>Presidente do Supremo Tribunal Federal afirmou tamb\u00e9m que patrim\u00f4nio hist\u00f3rico dos brasileiros e da humanidade, foi severamente destru\u00eddo por criminosos, v\u00e2ndalos e antidemocratas.<\/strong><\/em><\/p>\n<\/div>\n<\/div>\n<\/header>\n<div class=\"pg-newDetail__main gs-container\">\n<p>A presidente do Supremo Tribunal Federal (STF), ministra Rosa Weber, afirmou em nota divulgada ontem domingo (8) que a Corte &#8220;n\u00e3o se deixar\u00e1 intimidar por atos criminosos&#8221; e de &#8220;delinquentes&#8221; contr\u00e1rios ao estado democr\u00e1tico de direito.<\/p>\n<p>&#8220;O STF atuar\u00e1 para que os terroristas que participaram desses atos sejam devidamente julgados e exemplarmente punidos&#8221;, afirmou a ministra.<\/p>\n<p>Bolsonaristas invadiram o Pal\u00e1cio do Planalto, o Congresso Nacional e o Supremo Tribunal Federal (STF) e depredaram os pr\u00e9dios.<\/p>\n<p>A presidente do STF tamb\u00e9m informou que manteve contato com as autoridades de seguran\u00e7a p\u00fablica, do Minist\u00e9rio da Justi\u00e7a e do governo do Distrito Federal. E que os agentes do STF garantiram a seguran\u00e7a dos ministros da Corte, &#8220;que acompanharam os epis\u00f3dios com imensa preocupa\u00e7\u00e3o&#8221;.<\/p>\n<p>Veja a \u00edntegra da nota a seguir:<\/p>\n<p><em>&#8220;O edif\u00edcio-sede do Supremo Tribunal Federal, patrim\u00f4nio hist\u00f3rico dos brasileiros e da humanidade, foi severamente destru\u00eddo por criminosos, v\u00e2ndalos e antidemocratas. Lamentavelmente, o mesmo ocorreu no Congresso Nacional e no Pal\u00e1cio do Planalto. As sedes dos tr\u00eas poderes foram vilipendiadas.<\/em><\/p>\n<p><em>O Brasil viveu neste domingo &#8211; 8 de janeiro de 2023 &#8211; uma p\u00e1gina triste e lament\u00e1vel de sua hist\u00f3ria, fruto do inconformismo de quem se recusa a aceitar a democracia.<br \/>\nDesde que o ato foi anunciado, mantive contato com as autoridades de seguran\u00e7a p\u00fablica, do Minist\u00e9rio da Justi\u00e7a e do Governo do Distrito Federal. Os agentes do STF garantiram a seguran\u00e7a dos ministros da Corte, que acompanharam os epis\u00f3dios com imensa preocupa\u00e7\u00e3o.<\/em><\/p>\n<p><em>O STF atuar\u00e1 para que os terroristas que participaram desses atos sejam devidamente julgados e exemplarmente punidos. O pr\u00e9dio hist\u00f3rico ser\u00e1 reconstru\u00eddo.&#8221;<\/em><\/p>\n<\/div>\n<p>FONTE: Click PB<\/p>\n","protected":false},"excerpt":{"rendered":"<p>Presidente do Supremo Tribunal Federal afirmou tamb\u00e9m que patrim\u00f4nio hist\u00f3rico dos brasileiros e da humanidade, foi severamente destru\u00eddo por criminosos, v\u00e2ndalos e antidemocratas. A presidente&hellip; <\/p>\n","protected":false},"author":6,"featured_media":261846,"comment_status":"closed","ping_status":"closed","sticky":false,"template":"","format":"standard","meta":{"sfsi_plus_gutenberg_text_before_share":"","sfsi_plus_gutenberg_show_text_before_share":"","sfsi_plus_gutenberg_icon_type":"","sfsi_plus_gutenberg_icon_alignemt":"","sfsi_plus_gutenburg_max_per_row":"","footnotes":""},"categories":[50],"tags":[],"class_list":["post-261845","post","type-post","status-publish","format-standard","has-post-thumbnail","hentry","category-destaque"],"_links":{"self":[{"href":"https:\/\/www.caririemacao.com\/1\/wp-json\/wp\/v2\/posts\/261845","targetHints":{"allow":["GET"]}}],"collection":[{"href":"https:\/\/www.caririemacao.com\/1\/wp-json\/wp\/v2\/posts"}],"about":[{"href":"https:\/\/www.caririemacao.com\/1\/wp-json\/wp\/v2\/types\/post"}],"author":[{"embeddable":true,"href":"https:\/\/www.caririemacao.com\/1\/wp-json\/wp\/v2\/users\/6"}],"replies":[{"embeddable":true,"href":"https:\/\/www.caririemacao.com\/1\/wp-json\/wp\/v2\/comments?post=261845"}],"version-history":[{"count":1,"href":"https:\/\/www.caririemacao.com\/1\/wp-json\/wp\/v2\/posts\/261845\/revisions"}],"predecessor-version":[{"id":261847,"href":"https:\/\/www.caririemacao.com\/1\/wp-json\/wp\/v2\/posts\/261845\/revisions\/261847"}],"wp:featuredmedia":[{"embeddable":true,"href":"https:\/\/www.caririemacao.com\/1\/wp-json\/wp\/v2\/media\/261846"}],"wp:attachment":[{"href":"https:\/\/www.caririemacao.com\/1\/wp-json\/wp\/v2\/media?parent=261845"}],"wp:term":[{"taxonomy":"category","embeddable":true,"href":"https:\/\/www.caririemacao.com\/1\/wp-json\/wp\/v2\/categories?post=261845"},{"taxonomy":"post_tag","embeddable":true,"href":"https:\/\/www.caririemacao.com\/1\/wp-json\/wp\/v2\/tags?post=261845"}],"curies":[{"name":"wp","href":"https:\/\/api.w.org\/{rel}","templated":true}]}}