{"id":261848,"date":"2023-01-09T09:45:55","date_gmt":"2023-01-09T12:45:55","guid":{"rendered":"https:\/\/www.caririemacao.com\/1\/?p=261848"},"modified":"2023-01-09T09:45:55","modified_gmt":"2023-01-09T12:45:55","slug":"apos-protestos-em-brasilia-lula-antecipa-para-hoje-reuniao-com-joao-azevedo-e-outros-governadores","status":"publish","type":"post","link":"https:\/\/www.caririemacao.com\/1\/2023\/01\/09\/apos-protestos-em-brasilia-lula-antecipa-para-hoje-reuniao-com-joao-azevedo-e-outros-governadores\/","title":{"rendered":"Ap\u00f3s protestos em Bras\u00edlia, Lula antecipa para hoje reuni\u00e3o com Jo\u00e3o Azev\u00eado e outros governadores"},"content":{"rendered":"<header class=\"pg-newDetail__header\">\n<div class=\"gs-container\">\n<div class=\"pg-newDetail__header__content\">\n<p class=\"pg-newDetail__resume\"><strong><em>De acordo com informa\u00e7\u00f5es obtidas pelo ClickPB, os chefes dos executivos estaduais est\u00e3o sendo convidados por meio da Secretaria de Rela\u00e7\u00f5es Institucionais da Presid\u00eancia.<\/em><\/strong><\/p>\n<\/div>\n<\/div>\n<\/header>\n<div class=\"pg-newDetail__main gs-container\">\n<p>O presidente\u00a0Lula da Silva (PT) antecipou para esta segunda-feira (9) \u00e0s 18h, uma reuni\u00e3o que estava prevista para ocorrer com o governador Jo\u00e3o Azev\u00eado (PSB) e os outros governadores do pa\u00eds.\u00a0Conforme trouxe o ClickPB na semana passada, o primeiro encontro de Lula com governadores estava previsto para ocorrer no fim do m\u00eas, por\u00e9m os atos de vandalismo realizados ontem em Bras\u00edlia, culminaram com a mudan\u00e7a de data. A\u00a0participa\u00e7\u00e3o do governador Jo\u00e3o Azev\u00eado foi confirmada pela assessoria do gestor ao portal ClickPB<\/p>\n<p>De acordo com informa\u00e7\u00f5es obtidas pelo ClickPB, os chefes dos executivos estaduais est\u00e3o sendo convidados por meio da\u00a0Secretaria de Rela\u00e7\u00f5es Institucionais\u00a0da Presid\u00eancia, pasta comandada pelo ministro Alexandre Padilha (PT). A reuni\u00e3o j\u00e1 consta na\u00a0<a href=\"https:\/\/www.gov.br\/planalto\/pt-br\/acompanhe-o-planalto\/agenda-do-presidente-da-republica-lula\/agenda-do-presidente-da-republica\/2023-01-09\" target=\"true\" rel=\"noopener\">agenda oficial<\/a>\u00a0no site da presid\u00eancia da Rep\u00fablica.\u00a0A\u00a0participa\u00e7\u00e3o do governador Jo\u00e3o Azev\u00eado foi confirmada pela assessoria do gestor ao portal ClickPB.<\/p>\n<p>A expectativa \u00e9 que sejam definidas a\u00e7\u00f5es para garantir que atos como os que ocorreram ontem na capital federal n\u00e3o se espalhem pelo pa\u00eds.<\/p>\n<p>Ainda n\u00e3o h\u00e1 confirma\u00e7\u00e3o se Lula j\u00e1 ir\u00e1 dialogar hoje (9)\u00a0sobre as prioridades definidas por cada estado para serem executadas pelo governo federal nos pr\u00f3ximos quatro anos, tema inicial do encontro com os governadores.<\/p>\n<p>FONTE: Click PB<\/p>\n<\/div>\n","protected":false},"excerpt":{"rendered":"<p>De acordo com informa\u00e7\u00f5es obtidas pelo ClickPB, os chefes dos executivos estaduais est\u00e3o sendo convidados por meio da Secretaria de Rela\u00e7\u00f5es Institucionais da Presid\u00eancia. O&hellip; <\/p>\n","protected":false},"author":6,"featured_media":261849,"comment_status":"closed","ping_status":"closed","sticky":false,"template":"","format":"standard","meta":{"sfsi_plus_gutenberg_text_before_share":"","sfsi_plus_gutenberg_show_text_before_share":"","sfsi_plus_gutenberg_icon_type":"","sfsi_plus_gutenberg_icon_alignemt":"","sfsi_plus_gutenburg_max_per_row":"","footnotes":""},"categories":[50],"tags":[],"class_list":["post-261848","post","type-post","status-publish","format-standard","has-post-thumbnail","hentry","category-destaque"],"_links":{"self":[{"href":"https:\/\/www.caririemacao.com\/1\/wp-json\/wp\/v2\/posts\/261848","targetHints":{"allow":["GET"]}}],"collection":[{"href":"https:\/\/www.caririemacao.com\/1\/wp-json\/wp\/v2\/posts"}],"about":[{"href":"https:\/\/www.caririemacao.com\/1\/wp-json\/wp\/v2\/types\/post"}],"author":[{"embeddable":true,"href":"https:\/\/www.caririemacao.com\/1\/wp-json\/wp\/v2\/users\/6"}],"replies":[{"embeddable":true,"href":"https:\/\/www.caririemacao.com\/1\/wp-json\/wp\/v2\/comments?post=261848"}],"version-history":[{"count":1,"href":"https:\/\/www.caririemacao.com\/1\/wp-json\/wp\/v2\/posts\/261848\/revisions"}],"predecessor-version":[{"id":261850,"href":"https:\/\/www.caririemacao.com\/1\/wp-json\/wp\/v2\/posts\/261848\/revisions\/261850"}],"wp:featuredmedia":[{"embeddable":true,"href":"https:\/\/www.caririemacao.com\/1\/wp-json\/wp\/v2\/media\/261849"}],"wp:attachment":[{"href":"https:\/\/www.caririemacao.com\/1\/wp-json\/wp\/v2\/media?parent=261848"}],"wp:term":[{"taxonomy":"category","embeddable":true,"href":"https:\/\/www.caririemacao.com\/1\/wp-json\/wp\/v2\/categories?post=261848"},{"taxonomy":"post_tag","embeddable":true,"href":"https:\/\/www.caririemacao.com\/1\/wp-json\/wp\/v2\/tags?post=261848"}],"curies":[{"name":"wp","href":"https:\/\/api.w.org\/{rel}","templated":true}]}}