{"id":261851,"date":"2023-01-09T12:28:44","date_gmt":"2023-01-09T15:28:44","guid":{"rendered":"https:\/\/www.caririemacao.com\/1\/?p=261851"},"modified":"2023-01-09T12:28:44","modified_gmt":"2023-01-09T15:28:44","slug":"meteorologista-da-aesa-preve-que-chuvas-podem-ficar-acima-da-media-na-regiao-do-cariri-durante-esse-1o-trimestre","status":"publish","type":"post","link":"https:\/\/www.caririemacao.com\/1\/2023\/01\/09\/meteorologista-da-aesa-preve-que-chuvas-podem-ficar-acima-da-media-na-regiao-do-cariri-durante-esse-1o-trimestre\/","title":{"rendered":"Meteorologista da AESA prev\u00ea que chuvas podem ficar acima da m\u00e9dia na regi\u00e3o do Cariri durante esse 1\u00ba trimestre"},"content":{"rendered":"<p>Em entrevista \u00e0 imprensa a meteorologista da Ag\u00eancia Executiva de Gest\u00e3o das \u00c1guas (Aesa) do estado da Para\u00edba, Marle Bandeira, trouxe uma previs\u00e3o de chuvas, para esse primeiro trimestre na Para\u00edba, onde destaca que de janeiro a mar\u00e7o, a previs\u00e3o \u00e9 de que ocorram chuvas dentro da normalidade a acima da m\u00e9dia para o semi\u00e1rido paraibano, o qual abrange as regi\u00f5es do Alto Sert\u00e3o, Sert\u00e3o e parte do Cariri\/ Curimata\u00fa.<\/p>\n<p>J\u00e1 para as demais regi\u00f5es como Litoral, Brejo e Agreste, a previs\u00e3o \u00e9 de que os \u00edndices pluviom\u00e9tricos ocorram dentro da normalidade e dentro dos limites hist\u00f3ricos relativos \u00e0 m\u00e9dia hist\u00f3rica. A varia\u00e7\u00e3o dos totais pluviom\u00e9tricos \u00e9 considerada dentro da faixa de normalidade quando apresenta volumes entre -25% a +25%, conforme relat\u00f3rio apresentado pela Aesa. No progn\u00f3stico clim\u00e1tico para a Para\u00edba, a Aesa divulgou os \u00edndices de chuvas para cada regi\u00e3o do estado, de janeiro a mar\u00e7o de 2023. Para o Litoral paraibano, a previs\u00e3o \u00e9 de 354,0 mil\u00edmetros de chuvas. J\u00e1 para o Brejo \u00e9 de 276,1. No Agreste, 198,0; Cariri\/ Curimata\u00fa, 204,0; Sert\u00e3o 385,6 e o Alto Sert\u00e3o, 480,3 mil\u00edmetros de \u00edndices pluviom\u00e9tricos. Nenhuma das regi\u00f5es ultrapassa os valores acima dos 25%, que seria considerado acima da m\u00e9dia hist\u00f3rica, encontrando-se dentro da normalidade. Segundo Bandeira, a previs\u00e3o est\u00e1 dentro do esperado para \u00e9poca. Ela informou que \u00e9 comum, durante o m\u00eas de janeiro, a ocorr\u00eancia de chuvas isoladas, uma vez que este per\u00edodo faz parte da pr\u00e9-esta\u00e7\u00e3o chuvosa. Entretanto, o per\u00edodo em que o \u00edndice pluviom\u00e9trico \u00e9 maior, tornando as chuvas mais concentradas, est\u00e1 entre fevereiro a maio.<\/p>\n<p>Desse modo, a previs\u00e3o j\u00e1 contempla os meses tipicamente chuvosos para essas regi\u00f5es, esclareceu a especialista. O Semi\u00e1rido nordestino tem como caracter\u00edstica a alta variabilidade de espa\u00e7o e tempo dos \u00edndices pluviom\u00e9tricos. As chuvas, principalmente nessa regi\u00e3o do semi\u00e1rido, s\u00e3o muito irregulares, chovendo sempre mais numa regi\u00e3o do que em outra, acrescentou a meteorologista. Por isso, em localidades com menos precipita\u00e7\u00f5es chuvosas, pode haver uma maior frequ\u00eancia de estiagem. Enquanto isso, nas \u00e1reas litor\u00e2neas ou serranas existe a possibilidade de ocorrer eventos extremos de chuva. \u201cPortanto, \u00e9 importante o monitoramento das condi\u00e7\u00f5es oce\u00e2nicas e atmosferas globais\u201d, ressaltou.<\/p>\n<p>Com rela\u00e7\u00e3o \u00e0 temperatura, como estamos na esta\u00e7\u00e3o do ver\u00e3o, elas ficam mais altas em todo o estado. Nas regi\u00f5es do Sert\u00e3o, Alto Sert\u00e3o, a m\u00e1xima fica em torno de 37\u00ba a 38\u00ba. J\u00e1 no Cariri\/Curimata\u00fa temperatura aproximada \u00e9 de 34\u00ba; no Agreste, 32\u00ba; Brejo, 31\u00ba e no Litoral a temperatura fica em torno de 34\u00ba. A m\u00e1xima geralmente \u00e9 registrada no per\u00edodo da tarde, informou Bandeira. As chuvas isoladas, t\u00edpicas desta \u00e9poca, s\u00e3o as chamadas chuvas de ver\u00e3o. Elas s\u00e3o decorrentes de um sistema meteorol\u00f3gico chamado v\u00f3rtice cicl\u00f4nico de altos n\u00edveis que ocorre nesta \u00e9poca do ano, informou Bandeira. \u201cTrata-se de uma circula\u00e7\u00e3o global de ventos na alta atmosfera, formando nuvens e trazendo chuvas, o que \u00e9 t\u00edpico desta esta\u00e7\u00e3o\u201d, explicou.<\/p>\n","protected":false},"excerpt":{"rendered":"<p>Em entrevista \u00e0 imprensa a meteorologista da Ag\u00eancia Executiva de Gest\u00e3o das \u00c1guas (Aesa) do estado da Para\u00edba, Marle Bandeira, trouxe uma previs\u00e3o de chuvas,&hellip; <\/p>\n","protected":false},"author":6,"featured_media":261852,"comment_status":"closed","ping_status":"closed","sticky":false,"template":"","format":"standard","meta":{"sfsi_plus_gutenberg_text_before_share":"","sfsi_plus_gutenberg_show_text_before_share":"","sfsi_plus_gutenberg_icon_type":"","sfsi_plus_gutenberg_icon_alignemt":"","sfsi_plus_gutenburg_max_per_row":"","footnotes":""},"categories":[106],"tags":[],"class_list":["post-261851","post","type-post","status-publish","format-standard","has-post-thumbnail","hentry","category-cariri"],"_links":{"self":[{"href":"https:\/\/www.caririemacao.com\/1\/wp-json\/wp\/v2\/posts\/261851","targetHints":{"allow":["GET"]}}],"collection":[{"href":"https:\/\/www.caririemacao.com\/1\/wp-json\/wp\/v2\/posts"}],"about":[{"href":"https:\/\/www.caririemacao.com\/1\/wp-json\/wp\/v2\/types\/post"}],"author":[{"embeddable":true,"href":"https:\/\/www.caririemacao.com\/1\/wp-json\/wp\/v2\/users\/6"}],"replies":[{"embeddable":true,"href":"https:\/\/www.caririemacao.com\/1\/wp-json\/wp\/v2\/comments?post=261851"}],"version-history":[{"count":1,"href":"https:\/\/www.caririemacao.com\/1\/wp-json\/wp\/v2\/posts\/261851\/revisions"}],"predecessor-version":[{"id":261853,"href":"https:\/\/www.caririemacao.com\/1\/wp-json\/wp\/v2\/posts\/261851\/revisions\/261853"}],"wp:featuredmedia":[{"embeddable":true,"href":"https:\/\/www.caririemacao.com\/1\/wp-json\/wp\/v2\/media\/261852"}],"wp:attachment":[{"href":"https:\/\/www.caririemacao.com\/1\/wp-json\/wp\/v2\/media?parent=261851"}],"wp:term":[{"taxonomy":"category","embeddable":true,"href":"https:\/\/www.caririemacao.com\/1\/wp-json\/wp\/v2\/categories?post=261851"},{"taxonomy":"post_tag","embeddable":true,"href":"https:\/\/www.caririemacao.com\/1\/wp-json\/wp\/v2\/tags?post=261851"}],"curies":[{"name":"wp","href":"https:\/\/api.w.org\/{rel}","templated":true}]}}