{"id":261857,"date":"2023-01-09T14:45:55","date_gmt":"2023-01-09T17:45:55","guid":{"rendered":"https:\/\/www.caririemacao.com\/1\/?p=261857"},"modified":"2023-01-09T14:45:55","modified_gmt":"2023-01-09T17:45:55","slug":"cidades-da-paraiba-terao-protestos-contra-bolsonaristas-radicais","status":"publish","type":"post","link":"https:\/\/www.caririemacao.com\/1\/2023\/01\/09\/cidades-da-paraiba-terao-protestos-contra-bolsonaristas-radicais\/","title":{"rendered":"Cidades da Para\u00edba ter\u00e3o protestos contra bolsonaristas radicais"},"content":{"rendered":"<p>As duas principais cidades do estado da Para\u00edba, Jo\u00e3o Pessoa e Campina Grande, devem receber protestos, nesta segunda-feira (9). As manifesta\u00e7\u00f5es s\u00e3o referentes ao ato terrorista de v\u00e2ndalos que invadiram e destru\u00edram as instala\u00e7\u00f5es dos Tr\u00eas Poderes em Bras\u00edlia, neste \u00faltimo domingo (8).<\/p>\n<p>Na capital, o \u201cAto Pela Democracia e Pelo Brasil\u201d ter\u00e1 a concentra\u00e7\u00e3o no Busto de Tamandar\u00e9, seguindo pela Praia de Cabo Branco. A organiza\u00e7\u00e3o desse protesto \u00e9 do Partido dos Trabalhadores (PT) da Para\u00edba e tem previs\u00e3o de come\u00e7ar \u00e0s 18h. Antes, o PT deve realizar uma reuni\u00e3o com movimentos sociais, entidades, parlamentares, centrais sindicais e comit\u00eas populares, no Sindicato dos Banc\u00e1rios.<\/p>\n<p>Enquanto isso, antes do protesto na capital, os manifestantes de Campina Grande j\u00e1 estar\u00e3o nas ruas pelo \u201cAto em Defesa da Democracia\u201d, que tem previs\u00e3o de in\u00edcio a partir das 16h, na Pra\u00e7a da Bandeira. Esse movimento \u00e9 organizado n\u00e3o s\u00f3 dentro do Brasil, como tamb\u00e9m em v\u00e1rios outros pa\u00edses do mundo.<\/p>\n<p>V\u00e1rias capitais e cidades populosas do Brasil devem ter protestos nesta segunda-feira. S\u00f3 em S\u00e3o Paulo, 11 cidades devem receber protestos, distribu\u00eddas tanto pela capital quanto pelo interior. O outro estado com v\u00e1rios protestos \u00e9 o Rio Grande do Sul, com sete manifesta\u00e7\u00f5es em diferentes cidades, incluindo a capital Porto Alegre.<\/p>\n<p>MaisPB<\/p>\n","protected":false},"excerpt":{"rendered":"<p>As duas principais cidades do estado da Para\u00edba, Jo\u00e3o Pessoa e Campina Grande, devem receber protestos, nesta segunda-feira (9). As manifesta\u00e7\u00f5es s\u00e3o referentes ao ato&hellip; <\/p>\n","protected":false},"author":6,"featured_media":261858,"comment_status":"closed","ping_status":"closed","sticky":false,"template":"","format":"standard","meta":{"sfsi_plus_gutenberg_text_before_share":"","sfsi_plus_gutenberg_show_text_before_share":"","sfsi_plus_gutenberg_icon_type":"","sfsi_plus_gutenberg_icon_alignemt":"","sfsi_plus_gutenburg_max_per_row":"","footnotes":""},"categories":[104],"tags":[],"class_list":["post-261857","post","type-post","status-publish","format-standard","has-post-thumbnail","hentry","category-paraiba"],"_links":{"self":[{"href":"https:\/\/www.caririemacao.com\/1\/wp-json\/wp\/v2\/posts\/261857","targetHints":{"allow":["GET"]}}],"collection":[{"href":"https:\/\/www.caririemacao.com\/1\/wp-json\/wp\/v2\/posts"}],"about":[{"href":"https:\/\/www.caririemacao.com\/1\/wp-json\/wp\/v2\/types\/post"}],"author":[{"embeddable":true,"href":"https:\/\/www.caririemacao.com\/1\/wp-json\/wp\/v2\/users\/6"}],"replies":[{"embeddable":true,"href":"https:\/\/www.caririemacao.com\/1\/wp-json\/wp\/v2\/comments?post=261857"}],"version-history":[{"count":1,"href":"https:\/\/www.caririemacao.com\/1\/wp-json\/wp\/v2\/posts\/261857\/revisions"}],"predecessor-version":[{"id":261859,"href":"https:\/\/www.caririemacao.com\/1\/wp-json\/wp\/v2\/posts\/261857\/revisions\/261859"}],"wp:featuredmedia":[{"embeddable":true,"href":"https:\/\/www.caririemacao.com\/1\/wp-json\/wp\/v2\/media\/261858"}],"wp:attachment":[{"href":"https:\/\/www.caririemacao.com\/1\/wp-json\/wp\/v2\/media?parent=261857"}],"wp:term":[{"taxonomy":"category","embeddable":true,"href":"https:\/\/www.caririemacao.com\/1\/wp-json\/wp\/v2\/categories?post=261857"},{"taxonomy":"post_tag","embeddable":true,"href":"https:\/\/www.caririemacao.com\/1\/wp-json\/wp\/v2\/tags?post=261857"}],"curies":[{"name":"wp","href":"https:\/\/api.w.org\/{rel}","templated":true}]}}