{"id":261860,"date":"2023-01-09T16:17:10","date_gmt":"2023-01-09T19:17:10","guid":{"rendered":"https:\/\/www.caririemacao.com\/1\/?p=261860"},"modified":"2023-01-09T16:17:10","modified_gmt":"2023-01-09T19:17:10","slug":"cagepa-divulga-nota-e-afirma-que-falta-de-agua-em-cidades-do-cariri-e-consequencia-de-vazamento-em-adutora","status":"publish","type":"post","link":"https:\/\/www.caririemacao.com\/1\/2023\/01\/09\/cagepa-divulga-nota-e-afirma-que-falta-de-agua-em-cidades-do-cariri-e-consequencia-de-vazamento-em-adutora\/","title":{"rendered":"Cagepa divulga nota e afirma que falta de \u00e1gua em cidades do Cariri \u00e9 consequ\u00eancia de vazamento em adutora"},"content":{"rendered":"<p>A Cagepa divulgou nesta segunda-feira (09), uma nota em que afirma que o problema da falta de \u00e1gua nas cidades de Ouro Velho, Prata, e parte do munic\u00edpio de Monteiro, no Cariri paraibano, \u00e9 consequ\u00eancia de um vazamento na adutora.<\/p>\n<p>De acordo com a nota da companhia, as provid\u00eancias j\u00e1 est\u00e3o sendo tomadas para normalizar o abastecimento ainda nesta segunda-feira.<\/p>\n<p>&nbsp;<\/p>\n<p><img fetchpriority=\"high\" decoding=\"async\" class=\"size-medium wp-image-261862 aligncenter\" src=\"https:\/\/www.caririemacao.com\/1\/wp-content\/uploads\/2023\/01\/324447106_727469961923352_670688406521662888_n-276x300.jpg\" alt=\"\" width=\"276\" height=\"300\" srcset=\"https:\/\/www.caririemacao.com\/1\/wp-content\/uploads\/2023\/01\/324447106_727469961923352_670688406521662888_n-276x300.jpg 276w, https:\/\/www.caririemacao.com\/1\/wp-content\/uploads\/2023\/01\/324447106_727469961923352_670688406521662888_n.jpg 720w\" sizes=\"(max-width: 276px) 100vw, 276px\" \/><\/p>\n<p>&nbsp;<\/p>\n<p><strong>CARIRI EM A\u00c7\u00c3O<\/strong><\/p>\n","protected":false},"excerpt":{"rendered":"<p>A Cagepa divulgou nesta segunda-feira (09), uma nota em que afirma que o problema da falta de \u00e1gua nas cidades de Ouro Velho, Prata, e&hellip; <\/p>\n","protected":false},"author":6,"featured_media":251276,"comment_status":"closed","ping_status":"closed","sticky":false,"template":"","format":"standard","meta":{"sfsi_plus_gutenberg_text_before_share":"","sfsi_plus_gutenberg_show_text_before_share":"","sfsi_plus_gutenberg_icon_type":"","sfsi_plus_gutenberg_icon_alignemt":"","sfsi_plus_gutenburg_max_per_row":"","footnotes":""},"categories":[106],"tags":[],"class_list":["post-261860","post","type-post","status-publish","format-standard","has-post-thumbnail","hentry","category-cariri"],"_links":{"self":[{"href":"https:\/\/www.caririemacao.com\/1\/wp-json\/wp\/v2\/posts\/261860","targetHints":{"allow":["GET"]}}],"collection":[{"href":"https:\/\/www.caririemacao.com\/1\/wp-json\/wp\/v2\/posts"}],"about":[{"href":"https:\/\/www.caririemacao.com\/1\/wp-json\/wp\/v2\/types\/post"}],"author":[{"embeddable":true,"href":"https:\/\/www.caririemacao.com\/1\/wp-json\/wp\/v2\/users\/6"}],"replies":[{"embeddable":true,"href":"https:\/\/www.caririemacao.com\/1\/wp-json\/wp\/v2\/comments?post=261860"}],"version-history":[{"count":2,"href":"https:\/\/www.caririemacao.com\/1\/wp-json\/wp\/v2\/posts\/261860\/revisions"}],"predecessor-version":[{"id":261863,"href":"https:\/\/www.caririemacao.com\/1\/wp-json\/wp\/v2\/posts\/261860\/revisions\/261863"}],"wp:featuredmedia":[{"embeddable":true,"href":"https:\/\/www.caririemacao.com\/1\/wp-json\/wp\/v2\/media\/251276"}],"wp:attachment":[{"href":"https:\/\/www.caririemacao.com\/1\/wp-json\/wp\/v2\/media?parent=261860"}],"wp:term":[{"taxonomy":"category","embeddable":true,"href":"https:\/\/www.caririemacao.com\/1\/wp-json\/wp\/v2\/categories?post=261860"},{"taxonomy":"post_tag","embeddable":true,"href":"https:\/\/www.caririemacao.com\/1\/wp-json\/wp\/v2\/tags?post=261860"}],"curies":[{"name":"wp","href":"https:\/\/api.w.org\/{rel}","templated":true}]}}