{"id":261864,"date":"2023-01-09T17:48:49","date_gmt":"2023-01-09T20:48:49","guid":{"rendered":"https:\/\/www.caririemacao.com\/1\/?p=261864"},"modified":"2023-01-09T17:48:49","modified_gmt":"2023-01-09T20:48:49","slug":"renan-defende-extradicao-de-bolsonaro-precisa-responder-por-seus-crimes","status":"publish","type":"post","link":"https:\/\/www.caririemacao.com\/1\/2023\/01\/09\/renan-defende-extradicao-de-bolsonaro-precisa-responder-por-seus-crimes\/","title":{"rendered":"Renan defende extradi\u00e7\u00e3o de Bolsonaro: \u2018Precisa responder por seus crimes\u2019"},"content":{"rendered":"<p>O senador Renan Calheiros (MDB) defendeu a extradi\u00e7\u00e3o do ex-presidente Jair Bolsonaro (PL), que est\u00e1 nos Estados Unidos desde o final do ano passado. Em entrevista ao UOL nesta segunda-feira (9), o parlamentar, que \u00e9 aliado de Lula (PT), afirmou:<\/p>\n<p>\u201c\u00c9 preciso, imediatamente, fazer a extradi\u00e7\u00e3o do Bolsonaro para o Brasil, para que ele responda por todos os crimes que cometeu, e n\u00e3o apenas com rela\u00e7\u00e3o \u00e0s v\u00edtimas da Covid. Em todos os momentos, o Bolsonaro foi esse que est\u00e1 a\u00ed: fugiu na hora H, quando estava para se deflagrar a invas\u00e3o \u00e0 sede dos Tr\u00eas Poderes.\u201d<\/p>\n<p>Renan tamb\u00e9m criticou o governador do Distrito Federal, Ibaneis Rocha (MDB),\u00a0afastado por determina\u00e7\u00e3o do ministro do STF Alexandre de Moraes, e defendeu a expuls\u00e3o dele do partido.<\/p>\n<p>\u201cSou do mesmo partido, mas vou defender que ele\u00a0seja expulso do MDB pelos males que praticou, n\u00e3o apenas neste final de semana.\u00a0Ele vem praticando em benef\u00edcio do Bolsonaro e desses terroristas h\u00e1 bastante tempo\u201d,\u00a0afirmou o senador.<\/p>\n","protected":false},"excerpt":{"rendered":"<p>O senador Renan Calheiros (MDB) defendeu a extradi\u00e7\u00e3o do ex-presidente Jair Bolsonaro (PL), que est\u00e1 nos Estados Unidos desde o final do ano passado. Em&hellip; <\/p>\n","protected":false},"author":6,"featured_media":214757,"comment_status":"closed","ping_status":"closed","sticky":false,"template":"","format":"standard","meta":{"sfsi_plus_gutenberg_text_before_share":"","sfsi_plus_gutenberg_show_text_before_share":"","sfsi_plus_gutenberg_icon_type":"","sfsi_plus_gutenberg_icon_alignemt":"","sfsi_plus_gutenburg_max_per_row":"","footnotes":""},"categories":[123],"tags":[],"class_list":["post-261864","post","type-post","status-publish","format-standard","has-post-thumbnail","hentry","category-brasil"],"_links":{"self":[{"href":"https:\/\/www.caririemacao.com\/1\/wp-json\/wp\/v2\/posts\/261864","targetHints":{"allow":["GET"]}}],"collection":[{"href":"https:\/\/www.caririemacao.com\/1\/wp-json\/wp\/v2\/posts"}],"about":[{"href":"https:\/\/www.caririemacao.com\/1\/wp-json\/wp\/v2\/types\/post"}],"author":[{"embeddable":true,"href":"https:\/\/www.caririemacao.com\/1\/wp-json\/wp\/v2\/users\/6"}],"replies":[{"embeddable":true,"href":"https:\/\/www.caririemacao.com\/1\/wp-json\/wp\/v2\/comments?post=261864"}],"version-history":[{"count":1,"href":"https:\/\/www.caririemacao.com\/1\/wp-json\/wp\/v2\/posts\/261864\/revisions"}],"predecessor-version":[{"id":261865,"href":"https:\/\/www.caririemacao.com\/1\/wp-json\/wp\/v2\/posts\/261864\/revisions\/261865"}],"wp:featuredmedia":[{"embeddable":true,"href":"https:\/\/www.caririemacao.com\/1\/wp-json\/wp\/v2\/media\/214757"}],"wp:attachment":[{"href":"https:\/\/www.caririemacao.com\/1\/wp-json\/wp\/v2\/media?parent=261864"}],"wp:term":[{"taxonomy":"category","embeddable":true,"href":"https:\/\/www.caririemacao.com\/1\/wp-json\/wp\/v2\/categories?post=261864"},{"taxonomy":"post_tag","embeddable":true,"href":"https:\/\/www.caririemacao.com\/1\/wp-json\/wp\/v2\/tags?post=261864"}],"curies":[{"name":"wp","href":"https:\/\/api.w.org\/{rel}","templated":true}]}}