{"id":261869,"date":"2023-01-10T08:46:19","date_gmt":"2023-01-10T11:46:19","guid":{"rendered":"https:\/\/www.caririemacao.com\/1\/?p=261869"},"modified":"2023-01-10T08:46:19","modified_gmt":"2023-01-10T11:46:19","slug":"pms-de-oito-estados-se-integram-a-forca-nacional-em-brasilia","status":"publish","type":"post","link":"https:\/\/www.caririemacao.com\/1\/2023\/01\/10\/pms-de-oito-estados-se-integram-a-forca-nacional-em-brasilia\/","title":{"rendered":"PMs de oito estados se integram \u00e0 For\u00e7a Nacional em Bras\u00edlia"},"content":{"rendered":"<div class=\"row\">\n<p class=\"col-10 offset-1 animated fadeInDown dealy-900 display-8 display-md-8 alt-font font-italic my-1 text-center\" style=\"text-align: center;\"><em><strong>A medida est\u00e1 publicada no Di\u00e1rio Oficial da Uni\u00e3o de hoje<\/strong><\/em><\/p>\n<p>O\u00a0<em>Di\u00e1rio Oficial da Uni\u00e3o<\/em>\u00a0publica, nesta ter\u00e7a-feira (10), a\u00a0<a href=\"https:\/\/www.in.gov.br\/web\/dou\/-\/portaria-mjsp-n-274-de-9-de-janeiro-de-2023-456895663\" target=\"_blank\" rel=\"noopener\">Portaria n\u00ba 274, de 9 de janeiro de 2023<\/a>, do Minist\u00e9rio da Justi\u00e7a e Seguran\u00e7a P\u00fablica (MJSP), que trata de mobiliza\u00e7\u00e3o de policiais militares do Cear\u00e1, da Bahia, de Piau\u00ed, Alagoas, do Rio Grande do Norte, Maranh\u00e3o, de Goi\u00e1s e do Rio Grande do Sul para emprego na For\u00e7a Nacional de Seguran\u00e7a P\u00fablica.<img decoding=\"async\" data-src=\"https:\/\/agenciabrasil.ebc.com.br\/ebc.png?id=1503208&amp;o=node\" src=\"data:image\/svg+xml;base64,PHN2ZyB3aWR0aD0iMSIgaGVpZ2h0PSIxIiB4bWxucz0iaHR0cDovL3d3dy53My5vcmcvMjAwMC9zdmciPjwvc3ZnPg==\" class=\"lazyload\" \/><img decoding=\"async\" data-src=\"https:\/\/agenciabrasil.ebc.com.br\/ebc.gif?id=1503208&amp;o=node\" src=\"data:image\/svg+xml;base64,PHN2ZyB3aWR0aD0iMSIgaGVpZ2h0PSIxIiB4bWxucz0iaHR0cDovL3d3dy53My5vcmcvMjAwMC9zdmciPjwvc3ZnPg==\" class=\"lazyload\" \/><\/p>\n<p>O documento assinado pelo ministro Flavio Dino, diz ainda que a medida tem por objetivo \u201cp\u00f4r termo ao grave comprometimento da ordem publica em Bras\u00edlia\u201d. O prazo de atua\u00e7\u00e3o dos policiais militares \u00e9 at\u00e9 o dia 31 de janeiro.<\/p>\n<p>A portaria define tamb\u00e9m que \u201ccaber\u00e1 ao secret\u00e1rio Nacional de Seguran\u00e7a P\u00fablica do MJSP e ao comandante da For\u00e7a Nacional adotar as provid\u00eancias visando \u00e0 efetiva\u00e7\u00e3o da medida\u201d.<\/p>\n<p>FONTE: Ag\u00eancia Brasil<\/p>\n<\/div>\n","protected":false},"excerpt":{"rendered":"<p>A medida est\u00e1 publicada no Di\u00e1rio Oficial da Uni\u00e3o de hoje O\u00a0Di\u00e1rio Oficial da Uni\u00e3o\u00a0publica, nesta ter\u00e7a-feira (10), a\u00a0Portaria n\u00ba 274, de 9 de janeiro&hellip; <\/p>\n","protected":false},"author":6,"featured_media":261870,"comment_status":"closed","ping_status":"closed","sticky":false,"template":"","format":"standard","meta":{"sfsi_plus_gutenberg_text_before_share":"","sfsi_plus_gutenberg_show_text_before_share":"","sfsi_plus_gutenberg_icon_type":"","sfsi_plus_gutenberg_icon_alignemt":"","sfsi_plus_gutenburg_max_per_row":"","footnotes":""},"categories":[50],"tags":[],"class_list":["post-261869","post","type-post","status-publish","format-standard","has-post-thumbnail","hentry","category-destaque"],"_links":{"self":[{"href":"https:\/\/www.caririemacao.com\/1\/wp-json\/wp\/v2\/posts\/261869","targetHints":{"allow":["GET"]}}],"collection":[{"href":"https:\/\/www.caririemacao.com\/1\/wp-json\/wp\/v2\/posts"}],"about":[{"href":"https:\/\/www.caririemacao.com\/1\/wp-json\/wp\/v2\/types\/post"}],"author":[{"embeddable":true,"href":"https:\/\/www.caririemacao.com\/1\/wp-json\/wp\/v2\/users\/6"}],"replies":[{"embeddable":true,"href":"https:\/\/www.caririemacao.com\/1\/wp-json\/wp\/v2\/comments?post=261869"}],"version-history":[{"count":1,"href":"https:\/\/www.caririemacao.com\/1\/wp-json\/wp\/v2\/posts\/261869\/revisions"}],"predecessor-version":[{"id":261871,"href":"https:\/\/www.caririemacao.com\/1\/wp-json\/wp\/v2\/posts\/261869\/revisions\/261871"}],"wp:featuredmedia":[{"embeddable":true,"href":"https:\/\/www.caririemacao.com\/1\/wp-json\/wp\/v2\/media\/261870"}],"wp:attachment":[{"href":"https:\/\/www.caririemacao.com\/1\/wp-json\/wp\/v2\/media?parent=261869"}],"wp:term":[{"taxonomy":"category","embeddable":true,"href":"https:\/\/www.caririemacao.com\/1\/wp-json\/wp\/v2\/categories?post=261869"},{"taxonomy":"post_tag","embeddable":true,"href":"https:\/\/www.caririemacao.com\/1\/wp-json\/wp\/v2\/tags?post=261869"}],"curies":[{"name":"wp","href":"https:\/\/api.w.org\/{rel}","templated":true}]}}