{"id":261872,"date":"2023-01-10T08:52:58","date_gmt":"2023-01-10T11:52:58","guid":{"rendered":"https:\/\/www.caririemacao.com\/1\/?p=261872"},"modified":"2023-01-10T08:52:58","modified_gmt":"2023-01-10T11:52:58","slug":"governo-dos-estados-unidos-diz-nao-ter-contato-com-jair-bolsonaro","status":"publish","type":"post","link":"https:\/\/www.caririemacao.com\/1\/2023\/01\/10\/governo-dos-estados-unidos-diz-nao-ter-contato-com-jair-bolsonaro\/","title":{"rendered":"Governo dos Estados Unidos diz n\u00e3o ter contato com Jair Bolsonaro"},"content":{"rendered":"<header class=\"pg-newDetail__header\">\n<div class=\"gs-container\">\n<div class=\"pg-newDetail__header__content\">\n<p class=\"pg-newDetail__resume\"><strong>Ex-presidente do Brasil viajou para a Fl\u00f3rida com parte da fam\u00edlia no final de dezembro, onde est\u00e1 hospedado desde ent\u00e3o<\/strong><\/p>\n<\/div>\n<\/div>\n<\/header>\n<div class=\"pg-newDetail__main gs-container\">\n<p>O governo americano disse ontem segunda-feira (9) que n\u00e3o tem contato com o ex-presidente Jair Bolsonaro, que est\u00e1 nos Estados Unidos e cujos apoiadores radicais invadiram e depredaram as sedes dos tr\u00eas poderes, em Bras\u00edlia.<\/p>\n<p>O conselheiro de seguran\u00e7a da Casa Branca, Jake Sullivan, afirmou a jornalistas que o presidente americano, Joe Biden, vai discutir o que aconteceu na Pra\u00e7a dos Tr\u00eas Poderes com o presidente brasileiro, Luiz In\u00e1cio Lula da Silva.<\/p>\n<p>Sullivan ressaltou que n\u00e3o h\u00e1 &#8220;contato direto&#8221; com Bolsonaro, que viajou para a Fl\u00f3rida na v\u00e9spera da posse de Lula, e acrescentou que, no momento, o governo brasileiro n\u00e3o pediu aos Estados Unidos para extraditar o ex-presidente.<\/p>\n<p>&#8220;Se receb\u00eassemos tal pedido, abordar\u00edamos o assunto seriamente como sempre fazemos&#8221;, disse Sullivan, que est\u00e1 no M\u00e9xico para a C\u00fapula de L\u00edderes da Am\u00e9rica do Norte, na qual Biden vai se encontrar com o presidente mexicano, Andr\u00e9s Manuel L\u00f3pez Obrador, e o primeiro-ministro canadense, Justin Trudeau.<\/p>\n<p>O conselheiro declarou que &#8220;n\u00e3o h\u00e1 d\u00favida&#8221; de que os Estados Unidos condenam o &#8220;ataque \u00e0 democracia&#8221; cometido pelos apoiadores radicais de Bolsonaro e &#8220;t\u00eam confian\u00e7a nas institui\u00e7\u00f5es democr\u00e1ticas do Brasil&#8221;.<\/p>\n<p>Tamb\u00e9m nesta segunda-feira, o porta-voz do Departamento de Estado, Ned Price, afirmou em entrevista coletiva que as autoridades do Brasil n\u00e3o fizeram nenhum tipo de pedido relacionado ao ex-presidente do pa\u00eds.<\/p>\n<p>&#8220;Estamos aguardando quaisquer pedidos de assist\u00eancia de nossos parceiros brasileiros, das autoridades brasileiras, seja por canais diplom\u00e1ticos, seja por canais de seguran\u00e7a, e \u00e9 claro que responderemos a esses pedidos conforme apropriado&#8221;, disse Price.<\/p>\n<p>O porta-voz lembrou que os EUA e o Brasil s\u00e3o &#8220;parceiros pr\u00f3ximos, trabalhando juntos no dia a dia em uma variedade de quest\u00f5es, e \u00e0s vezes quest\u00f5es de seguran\u00e7a&#8221;.<\/p>\n<p>Price declarou que os dois pa\u00edses t\u00eam procedimentos de coopera\u00e7\u00e3o bem estabelecidos, por exemplo, quando h\u00e1 um pedido de informa\u00e7\u00f5es, mas insistiu que o Brasil n\u00e3o fez nenhuma solicita\u00e7\u00e3o desse tipo.<\/p>\n<p>FONTE: Click PB<\/p>\n<\/div>\n","protected":false},"excerpt":{"rendered":"<p>Ex-presidente do Brasil viajou para a Fl\u00f3rida com parte da fam\u00edlia no final de dezembro, onde est\u00e1 hospedado desde ent\u00e3o O governo americano disse ontem&hellip; <\/p>\n","protected":false},"author":6,"featured_media":261873,"comment_status":"closed","ping_status":"closed","sticky":false,"template":"","format":"standard","meta":{"sfsi_plus_gutenberg_text_before_share":"","sfsi_plus_gutenberg_show_text_before_share":"","sfsi_plus_gutenberg_icon_type":"","sfsi_plus_gutenberg_icon_alignemt":"","sfsi_plus_gutenburg_max_per_row":"","footnotes":""},"categories":[50],"tags":[],"class_list":["post-261872","post","type-post","status-publish","format-standard","has-post-thumbnail","hentry","category-destaque"],"_links":{"self":[{"href":"https:\/\/www.caririemacao.com\/1\/wp-json\/wp\/v2\/posts\/261872","targetHints":{"allow":["GET"]}}],"collection":[{"href":"https:\/\/www.caririemacao.com\/1\/wp-json\/wp\/v2\/posts"}],"about":[{"href":"https:\/\/www.caririemacao.com\/1\/wp-json\/wp\/v2\/types\/post"}],"author":[{"embeddable":true,"href":"https:\/\/www.caririemacao.com\/1\/wp-json\/wp\/v2\/users\/6"}],"replies":[{"embeddable":true,"href":"https:\/\/www.caririemacao.com\/1\/wp-json\/wp\/v2\/comments?post=261872"}],"version-history":[{"count":1,"href":"https:\/\/www.caririemacao.com\/1\/wp-json\/wp\/v2\/posts\/261872\/revisions"}],"predecessor-version":[{"id":261874,"href":"https:\/\/www.caririemacao.com\/1\/wp-json\/wp\/v2\/posts\/261872\/revisions\/261874"}],"wp:featuredmedia":[{"embeddable":true,"href":"https:\/\/www.caririemacao.com\/1\/wp-json\/wp\/v2\/media\/261873"}],"wp:attachment":[{"href":"https:\/\/www.caririemacao.com\/1\/wp-json\/wp\/v2\/media?parent=261872"}],"wp:term":[{"taxonomy":"category","embeddable":true,"href":"https:\/\/www.caririemacao.com\/1\/wp-json\/wp\/v2\/categories?post=261872"},{"taxonomy":"post_tag","embeddable":true,"href":"https:\/\/www.caririemacao.com\/1\/wp-json\/wp\/v2\/tags?post=261872"}],"curies":[{"name":"wp","href":"https:\/\/api.w.org\/{rel}","templated":true}]}}