{"id":261875,"date":"2023-01-10T09:00:53","date_gmt":"2023-01-10T12:00:53","guid":{"rendered":"https:\/\/www.caririemacao.com\/1\/?p=261875"},"modified":"2023-01-10T09:00:53","modified_gmt":"2023-01-10T12:00:53","slug":"mais-do-que-notas-acoes-vao-acontecer-diz-joao-azevedo-contra-atos-antidemocraticos","status":"publish","type":"post","link":"https:\/\/www.caririemacao.com\/1\/2023\/01\/10\/mais-do-que-notas-acoes-vao-acontecer-diz-joao-azevedo-contra-atos-antidemocraticos\/","title":{"rendered":"\u2018Mais do que notas, a\u00e7\u00f5es v\u00e3o acontecer\u2019, diz Jo\u00e3o Azev\u00eado contra atos antidemocr\u00e1ticos"},"content":{"rendered":"<div class=\"subtitulo mb-3\"><em><strong>Jo\u00e3o participou de lan\u00e7amento de uma revista que traz a\u00e7\u00f5es do governo e tem agenda extensa com chefes dos Poderes nacionais contra terrorismo<\/strong><\/em><\/div>\n<div><\/div>\n<div>O governador da Para\u00edba, Jo\u00e3o Azev\u00eado (PSB), disse ontem segunda-feita (9) ao Correio Debate da <strong><a href=\"https:\/\/www.correiosat.com.br\/\" target=\"_blank\" rel=\"noreferrer noopener\">Rede Correio Sat<\/a><\/strong>\u00a0que as medidas contra atos antidemocr\u00e1ticos n\u00e3o se limitar\u00e3o apenas a notas de rep\u00fadio, mas ser\u00e3o alvos de a\u00e7\u00f5es concretas.<\/div>\n<div><\/div>\n<div>Ele participou do evento de lan\u00e7amento da revista \u2018Para\u00edba da Gente\u2019, que mostra a\u00e7\u00f5es do Governo da Para\u00edba no per\u00edodo de 2019 a 2022. O governador tamb\u00e9m anunciou novos investimentos e a\u00e7\u00f5es para o segundo mandato. O evento aconteceu \u00e0s 10h, no Teatro Paulo Pontes, do Espa\u00e7o Cultural Jos\u00e9 Lins do Rego, em Jo\u00e3o Pessoa.<\/div>\n<div><\/div>\n<div>Jo\u00e3o defendeu que os atos precisam estar sob a vis\u00e3o mais dura poss\u00edvel da Justi\u00e7a brasileira para que os repons\u00e1veis por todos os atos terroristas sejam punidos e responsabilizados.<\/div>\n<div><\/div>\n<div>\u201cN\u00e3o podemos, em hip\u00f3tese alguma, achar que foi um simples protesto. Mais do que notas de rep\u00fadio, a\u00e7\u00f5es v\u00e3o acontecer verdadeiramente\u201d, disse.<\/div>\n<div><\/div>\n<div>Jo\u00e3o Azev\u00eado cumpre agenda extensa ontem segunda-feira (9), quando se reuniu com governadores e segue para Bras\u00edlia para uma reuni\u00e3o presencial com o presidente Luiz In\u00e1cio Lula da Silva (PT), ministros do Supremo Tribunal Federal e presidentes do Congresso Nacional. A pauta dos encontros \u00e9 centrada no combate ao terrorismo no pa\u00eds.<\/div>\n<div><\/div>\n<div>FONTE: Portal Correio<\/div>\n<div><\/div>\n","protected":false},"excerpt":{"rendered":"<p>Jo\u00e3o participou de lan\u00e7amento de uma revista que traz a\u00e7\u00f5es do governo e tem agenda extensa com chefes dos Poderes nacionais contra terrorismo O governador&hellip; <\/p>\n","protected":false},"author":6,"featured_media":261876,"comment_status":"closed","ping_status":"closed","sticky":false,"template":"","format":"standard","meta":{"sfsi_plus_gutenberg_text_before_share":"","sfsi_plus_gutenberg_show_text_before_share":"","sfsi_plus_gutenberg_icon_type":"","sfsi_plus_gutenberg_icon_alignemt":"","sfsi_plus_gutenburg_max_per_row":"","footnotes":""},"categories":[50],"tags":[],"class_list":["post-261875","post","type-post","status-publish","format-standard","has-post-thumbnail","hentry","category-destaque"],"_links":{"self":[{"href":"https:\/\/www.caririemacao.com\/1\/wp-json\/wp\/v2\/posts\/261875","targetHints":{"allow":["GET"]}}],"collection":[{"href":"https:\/\/www.caririemacao.com\/1\/wp-json\/wp\/v2\/posts"}],"about":[{"href":"https:\/\/www.caririemacao.com\/1\/wp-json\/wp\/v2\/types\/post"}],"author":[{"embeddable":true,"href":"https:\/\/www.caririemacao.com\/1\/wp-json\/wp\/v2\/users\/6"}],"replies":[{"embeddable":true,"href":"https:\/\/www.caririemacao.com\/1\/wp-json\/wp\/v2\/comments?post=261875"}],"version-history":[{"count":1,"href":"https:\/\/www.caririemacao.com\/1\/wp-json\/wp\/v2\/posts\/261875\/revisions"}],"predecessor-version":[{"id":261877,"href":"https:\/\/www.caririemacao.com\/1\/wp-json\/wp\/v2\/posts\/261875\/revisions\/261877"}],"wp:featuredmedia":[{"embeddable":true,"href":"https:\/\/www.caririemacao.com\/1\/wp-json\/wp\/v2\/media\/261876"}],"wp:attachment":[{"href":"https:\/\/www.caririemacao.com\/1\/wp-json\/wp\/v2\/media?parent=261875"}],"wp:term":[{"taxonomy":"category","embeddable":true,"href":"https:\/\/www.caririemacao.com\/1\/wp-json\/wp\/v2\/categories?post=261875"},{"taxonomy":"post_tag","embeddable":true,"href":"https:\/\/www.caririemacao.com\/1\/wp-json\/wp\/v2\/tags?post=261875"}],"curies":[{"name":"wp","href":"https:\/\/api.w.org\/{rel}","templated":true}]}}