{"id":261881,"date":"2023-01-10T09:51:09","date_gmt":"2023-01-10T12:51:09","guid":{"rendered":"https:\/\/www.caririemacao.com\/1\/?p=261881"},"modified":"2023-01-10T09:51:09","modified_gmt":"2023-01-10T12:51:09","slug":"prefeitura-de-cidade-do-cariri-abre-inscricoes-para-processos-seletivos-com-quase-50-vagas","status":"publish","type":"post","link":"https:\/\/www.caririemacao.com\/1\/2023\/01\/10\/prefeitura-de-cidade-do-cariri-abre-inscricoes-para-processos-seletivos-com-quase-50-vagas\/","title":{"rendered":"Prefeitura de cidade do Cariri abre inscri\u00e7\u00f5es para processos seletivos com quase 50 vagas"},"content":{"rendered":"<p>A Prefeitura de\u00a0S\u00e3o Jo\u00e3o do Tigre, no Cariri da Para\u00edba, est\u00e1 com inscri\u00e7\u00f5es abertas em tr\u00eas processos seletivos que, juntos, oferecem 49 vagas para o preenchimento de vagas nas \u00e1reas de educa\u00e7\u00e3o, desenvolvimento social e sa\u00fade no \u00f3rg\u00e3o. Al\u00e9m dos candidatos convocados, ser\u00e3o formados cadastros reservas para os cargos oferecidos.\u00a0Edital da sele\u00e7\u00e3o para as \u00e1reas de\u00a0educa\u00e7\u00e3o,\u00a0desenvolvimento social\u00a0e\u00a0sa\u00fade.<\/p>\n<p>O prazo de inscri\u00e7\u00f5es nos tr\u00eas processos seletivos tiveram in\u00edcio em 9 de janeiro e se estendem at\u00e9 13 do mesmo m\u00eas, e devem ser realizadas presencialmente na Coordena\u00e7\u00e3o do Departamento de Recursos Humanos da Secretaria de Administra\u00e7\u00e3o e Finan\u00e7as, localizada no pr\u00e9dio da Prefeitura Municipal de S\u00e3o Jo\u00e3o do Tigre, na Rua Pedro Feitosa, apenas no turno da manh\u00e3, das 8h \u00e0s 12h.<\/p>\n<p>Para confirmar a inscri\u00e7\u00e3o, o candidato deve realizar o pagamento de uma taxa que varia de acordo com o cargo pretendido, que pode ser de R$ 30 (n\u00edvel superior), R$ 25 (n\u00edvel t\u00e9cnico) e R$ 20 (n\u00edvel m\u00e9dio).<\/p>\n<p>Os cargos oferecidos s\u00e3o para as \u00e1reas de educa\u00e7\u00e3o, com 20 vagas, desenvolvimento social, que disp\u00f5e de 13 vagas, e para o preenchimento de vagas na \u00e1rea de sa\u00fade, com a oferta de 16 vagas. Para concorrer \u00e0s vagas, \u00e9 necess\u00e1rio possuir escolaridade de n\u00edvel m\u00e9dio ou superior.<\/p>\n<p>O candidato que for contratado ter\u00e1 de cumprir uma carga hor\u00e1ria que varia de 20 a 40 horas semanais, a depender do cargo, com o valor da remunera\u00e7\u00e3o mensal variando entre R$ 1.302 e R$ 2,7 mil.<\/p>\n<p>O processo seletivo ter\u00e1 uma \u00fanica etapa de classifica\u00e7\u00e3o, sendo uma an\u00e1lise curricular dos candidatos, e esta fase \u00e9 eliminat\u00f3ria e classificat\u00f3ria, com esta \u00fanica fase tendo o resultado divulgado em 23 de janeiro.<\/p>\n<p>A validade dos tr\u00eas processos seletivos \u00e9 de um ano, com os mesmos podendo ser prorrogados por mais um ano, contando a partir da homologa\u00e7\u00e3o do resultado final, com data prevista para divulga\u00e7\u00e3o em 30 de janeiro.<\/p>\n","protected":false},"excerpt":{"rendered":"<p>A Prefeitura de\u00a0S\u00e3o Jo\u00e3o do Tigre, no Cariri da Para\u00edba, est\u00e1 com inscri\u00e7\u00f5es abertas em tr\u00eas processos seletivos que, juntos, oferecem 49 vagas para o&hellip; <\/p>\n","protected":false},"author":6,"featured_media":261882,"comment_status":"closed","ping_status":"closed","sticky":false,"template":"","format":"standard","meta":{"sfsi_plus_gutenberg_text_before_share":"","sfsi_plus_gutenberg_show_text_before_share":"","sfsi_plus_gutenberg_icon_type":"","sfsi_plus_gutenberg_icon_alignemt":"","sfsi_plus_gutenburg_max_per_row":"","footnotes":""},"categories":[106],"tags":[],"class_list":["post-261881","post","type-post","status-publish","format-standard","has-post-thumbnail","hentry","category-cariri"],"_links":{"self":[{"href":"https:\/\/www.caririemacao.com\/1\/wp-json\/wp\/v2\/posts\/261881","targetHints":{"allow":["GET"]}}],"collection":[{"href":"https:\/\/www.caririemacao.com\/1\/wp-json\/wp\/v2\/posts"}],"about":[{"href":"https:\/\/www.caririemacao.com\/1\/wp-json\/wp\/v2\/types\/post"}],"author":[{"embeddable":true,"href":"https:\/\/www.caririemacao.com\/1\/wp-json\/wp\/v2\/users\/6"}],"replies":[{"embeddable":true,"href":"https:\/\/www.caririemacao.com\/1\/wp-json\/wp\/v2\/comments?post=261881"}],"version-history":[{"count":1,"href":"https:\/\/www.caririemacao.com\/1\/wp-json\/wp\/v2\/posts\/261881\/revisions"}],"predecessor-version":[{"id":261883,"href":"https:\/\/www.caririemacao.com\/1\/wp-json\/wp\/v2\/posts\/261881\/revisions\/261883"}],"wp:featuredmedia":[{"embeddable":true,"href":"https:\/\/www.caririemacao.com\/1\/wp-json\/wp\/v2\/media\/261882"}],"wp:attachment":[{"href":"https:\/\/www.caririemacao.com\/1\/wp-json\/wp\/v2\/media?parent=261881"}],"wp:term":[{"taxonomy":"category","embeddable":true,"href":"https:\/\/www.caririemacao.com\/1\/wp-json\/wp\/v2\/categories?post=261881"},{"taxonomy":"post_tag","embeddable":true,"href":"https:\/\/www.caririemacao.com\/1\/wp-json\/wp\/v2\/tags?post=261881"}],"curies":[{"name":"wp","href":"https:\/\/api.w.org\/{rel}","templated":true}]}}