{"id":262129,"date":"2023-01-17T07:52:24","date_gmt":"2023-01-17T10:52:24","guid":{"rendered":"https:\/\/www.caririemacao.com\/1\/?p=262129"},"modified":"2023-01-17T07:52:24","modified_gmt":"2023-01-17T10:52:24","slug":"joao-azevedo-anuncia-rafaela-camaraense-para-assumir-secretaria-de-meio-ambiente","status":"publish","type":"post","link":"https:\/\/www.caririemacao.com\/1\/2023\/01\/17\/joao-azevedo-anuncia-rafaela-camaraense-para-assumir-secretaria-de-meio-ambiente\/","title":{"rendered":"Jo\u00e3o Azev\u00eado anuncia Rafaela Camaraense para assumir Secretaria de Meio Ambiente"},"content":{"rendered":"<header class=\"pg-newDetail__header\">\n<div class=\"gs-container\">\n<div class=\"pg-newDetail__header__content\">\n<p class=\"pg-newDetail__resume\"><em><strong>Rafaela Camaraense ficar\u00e1 \u00e0 frente da nova Secretaria do Meio Ambiente e Sustentabilidade.<\/strong><\/em><\/p>\n<\/div>\n<\/div>\n<\/header>\n<div class=\"pg-newDetail__main gs-container\">\n<p>O governador Jo\u00e3o Azev\u00eado anunciou, na noite de ontem segunda-feira (16), mais nomes que ir\u00e3o compor o secretariado em seu segundo mandato \u00e0 frente da gest\u00e3o estadual. Dentre os nomes que passam a integrar a equipe de governo est\u00e1 o de Rafaela Camaraense, que ficar\u00e1 \u00e0 frente da nova Secretaria do Meio Ambiente e Sustentabilidade, e do tenente-coronel Marques J\u00fanior, que assume a chefia da Casa Militar do Governador.<\/p>\n<div class=\"twitter-tweet twitter-tweet-rendered\"><iframe id=\"twitter-widget-0\" title=\"Twitter Tweet\" data-src=\"https:\/\/platform.twitter.com\/embed\/Tweet.html?creatorScreenName=redacaoClickPB&amp;dnt=false&amp;embedId=twitter-widget-0&amp;features=eyJ0ZndfdGltZWxpbmVfbGlzdCI6eyJidWNrZXQiOlsibGlua3RyLmVlIiwidHIuZWUiLCJ0ZXJyYS5jb20uYnIiLCJ3d3cubGlua3RyLmVlIiwid3d3LnRyLmVlIiwid3d3LnRlcnJhLmNvbS5iciJdLCJ2ZXJzaW9uIjpudWxsfSwidGZ3X2ZvbGxvd2VyX2NvdW50X3N1bnNldCI6eyJidWNrZXQiOnRydWUsInZlcnNpb24iOm51bGx9LCJ0ZndfaG9yaXpvbl90aW1lbGluZV8xMjAzNCI6eyJidWNrZXQiOiJ0cmVhdG1lbnQiLCJ2ZXJzaW9uIjpudWxsfSwidGZ3X3R3ZWV0X2VkaXRfYmFja2VuZCI6eyJidWNrZXQiOiJvbiIsInZlcnNpb24iOm51bGx9LCJ0ZndfcmVmc3JjX3Nlc3Npb24iOnsiYnVja2V0Ijoib24iLCJ2ZXJzaW9uIjpudWxsfSwidGZ3X3Nob3dfYnVzaW5lc3NfdmVyaWZpZWRfYmFkZ2UiOnsiYnVja2V0Ijoib24iLCJ2ZXJzaW9uIjpudWxsfSwidGZ3X2NoaW5fcGlsbHNfMTQ3NDEiOnsiYnVja2V0IjoiY29sb3JfaWNvbnMiLCJ2ZXJzaW9uIjpudWxsfSwidGZ3X3R3ZWV0X3Jlc3VsdF9taWdyYXRpb25fMTM5NzkiOnsiYnVja2V0IjoidHdlZXRfcmVzdWx0IiwidmVyc2lvbiI6bnVsbH0sInRmd19taXhlZF9tZWRpYV8xNTg5NyI6eyJidWNrZXQiOiJ0cmVhdG1lbnQiLCJ2ZXJzaW9uIjpudWxsfSwidGZ3X3NlbnNpdGl2ZV9tZWRpYV9pbnRlcnN0aXRpYWxfMTM5NjMiOnsiYnVja2V0IjoiaW50ZXJzdGl0aWFsIiwidmVyc2lvbiI6bnVsbH0sInRmd19leHBlcmltZW50c19jb29raWVfZXhwaXJhdGlvbiI6eyJidWNrZXQiOjEyMDk2MDAsInZlcnNpb24iOm51bGx9LCJ0ZndfZHVwbGljYXRlX3NjcmliZXNfdG9fc2V0dGluZ3MiOnsiYnVja2V0Ijoib24iLCJ2ZXJzaW9uIjpudWxsfSwidGZ3X3ZpZGVvX2hsc19keW5hbWljX21hbmlmZXN0c18xNTA4MiI6eyJidWNrZXQiOiJ0cnVlX2JpdHJhdGUiLCJ2ZXJzaW9uIjpudWxsfSwidGZ3X3Nob3dfYmx1ZV92ZXJpZmllZF9iYWRnZSI6eyJidWNrZXQiOiJvbiIsInZlcnNpb24iOm51bGx9LCJ0ZndfbGVnYWN5X3RpbWVsaW5lX3N1bnNldCI6eyJidWNrZXQiOnRydWUsInZlcnNpb24iOm51bGx9LCJ0Zndfc2hvd19nb3ZfdmVyaWZpZWRfYmFkZ2UiOnsiYnVja2V0Ijoib24iLCJ2ZXJzaW9uIjpudWxsfSwidGZ3X3Nob3dfYnVzaW5lc3NfYWZmaWxpYXRlX2JhZGdlIjp7ImJ1Y2tldCI6Im9uIiwidmVyc2lvbiI6bnVsbH0sInRmd190d2VldF9lZGl0X2Zyb250ZW5kIjp7ImJ1Y2tldCI6Im9uIiwidmVyc2lvbiI6bnVsbH19&amp;frame=false&amp;hideCard=false&amp;hideThread=false&amp;id=1615152485009588226&amp;lang=pt&amp;origin=http%3A%2F%2Fwww.clickpb.com.br%2Fparaiba%2Fjoao-azevedo-anuncia-rafaela-camaraense-para-assumir-secretaria-de-meio-ambiente-343276.html&amp;sessionId=22b6c2391235fbf49dedc66c0843be6ddbe57572&amp;siteScreenName=redacaoClickPB&amp;theme=light&amp;widgetsVersion=2b959255e8896%3A1673658205745&amp;width=550px\" frameborder=\"0\" scrolling=\"no\" allowfullscreen=\"allowfullscreen\" data-tweet-id=\"1615152485009588226\" src=\"data:image\/svg+xml;base64,PHN2ZyB3aWR0aD0iMSIgaGVpZ2h0PSIxIiB4bWxucz0iaHR0cDovL3d3dy53My5vcmcvMjAwMC9zdmciPjwvc3ZnPg==\" class=\"lazyload\" data-load-mode=\"1\"><\/iframe><\/div>\n<p>Permanecem nos cargos os secret\u00e1rios Deusdete Queiroga (Infraestrutura e dos Recursos H\u00eddricos); Virgiane Melo (executiva da Infraestrutura e dos Recursos H\u00eddricos); Roberto Paulino (secret\u00e1rio chefe de governo); Ronaldo Guerra (chefe de gabinete do governador); Nonato Bandeira (Comunica\u00e7\u00e3o Institucional); e F\u00e1bio Barros (executivo da Comunica\u00e7\u00e3o Institucional).<\/p>\n<p>A Secretaria de Estado da Seguran\u00e7a e da Defesa Social continua sob o comando do secret\u00e1rio Jean Francisco Nunes. Lamark Donato ocupa a fun\u00e7\u00e3o de secret\u00e1rio executivo da Seguran\u00e7a e da Defesa Social. Os coron\u00e9is S\u00e9rgio Fonseca e Marcelo Ara\u00fajo continuam nos comandos gerais da Pol\u00edcia Militar e do Corpo de Bombeiros, respectivamente. Jos\u00e9 Ronildo de Souza e Lucas Severiano s\u00e3o os subcomandantes das corpora\u00e7\u00f5es, e Jair Carneiro, corregedor geral.<\/p>\n<p>Let\u00e1cio Guedes tamb\u00e9m foi confirmado como titular da Controladoria Geral do Estado, assim como F\u00e1bio Andrade na Procuradoria Geral do Estado, e Paulo M\u00e1rcio Madruga, como procurador adjunto. Gilmar Martins continua na Secretaria de Planejamento, Or\u00e7amento e Gest\u00e3o. Petr\u00f4nio Rolim \u00e9 o secret\u00e1rio executivo de Parcerias P\u00fablico-Privadas, e Ednaldo Joaquim (J\u00fanior Caro\u00e9) o secret\u00e1rio executivo do Or\u00e7amento Democr\u00e1tico Estadual. Marialvo Laureano e Bruno Frade permanecem como secret\u00e1rios titular e executivo da Fazenda, respectivamente. M\u00e1rio S\u00e9rgio Freitas \u00e9 nome anunciado para a secretaria executiva do Tesouro.<\/p>\n<p>Denis Soares \u00e9 o novo secret\u00e1rio executivo do Meio Ambiente e Sustentabilidade. Zezinho do Botafogo \u00e9 secret\u00e1rio da Juventude, Esporte e Lazer, e Harlen Vilarim, o executivo da pasta. L\u00eddia Moura tamb\u00e9m foi confirmada na Secretaria da Mulher e da Diversidade Humana, bem como Cristiana Almeida, executiva da pasta.<\/p>\n<p>Joaquim Hugo continua \u00e0 frente da Secretaria do Desenvolvimento da Agropecu\u00e1ria e da Pesca, e Rafael Lopes de Oliveira, na secretaria executiva. Ros\u00e1lia Lucas ser\u00e1 mantida como secret\u00e1ria do Turismo e do Desenvolvimento Econ\u00f4mico, e Fabr\u00edcio Feitosa, na Secretaria Executiva do Empreendedorismo.<\/p>\n<p>A Secretaria de Sa\u00fade, j\u00e1 anunciada anteriormente, ser\u00e1 comandada por Jhony Bezerra. Renata N\u00f3brega \u00e9 a secret\u00e1ria executiva, e Arymatheus Reis, secret\u00e1rio executivo de Gest\u00e3o da Rede de Unidades de Sa\u00fade.<\/p>\n<p>FONTE: Click PB<\/p>\n<\/div>\n","protected":false},"excerpt":{"rendered":"<p>Rafaela Camaraense ficar\u00e1 \u00e0 frente da nova Secretaria do Meio Ambiente e Sustentabilidade. O governador Jo\u00e3o Azev\u00eado anunciou, na noite de ontem segunda-feira (16), mais&hellip; <\/p>\n","protected":false},"author":6,"featured_media":262130,"comment_status":"closed","ping_status":"closed","sticky":false,"template":"","format":"standard","meta":{"sfsi_plus_gutenberg_text_before_share":"","sfsi_plus_gutenberg_show_text_before_share":"","sfsi_plus_gutenberg_icon_type":"","sfsi_plus_gutenberg_icon_alignemt":"","sfsi_plus_gutenburg_max_per_row":"","footnotes":""},"categories":[50],"tags":[],"class_list":["post-262129","post","type-post","status-publish","format-standard","has-post-thumbnail","hentry","category-destaque"],"_links":{"self":[{"href":"https:\/\/www.caririemacao.com\/1\/wp-json\/wp\/v2\/posts\/262129","targetHints":{"allow":["GET"]}}],"collection":[{"href":"https:\/\/www.caririemacao.com\/1\/wp-json\/wp\/v2\/posts"}],"about":[{"href":"https:\/\/www.caririemacao.com\/1\/wp-json\/wp\/v2\/types\/post"}],"author":[{"embeddable":true,"href":"https:\/\/www.caririemacao.com\/1\/wp-json\/wp\/v2\/users\/6"}],"replies":[{"embeddable":true,"href":"https:\/\/www.caririemacao.com\/1\/wp-json\/wp\/v2\/comments?post=262129"}],"version-history":[{"count":1,"href":"https:\/\/www.caririemacao.com\/1\/wp-json\/wp\/v2\/posts\/262129\/revisions"}],"predecessor-version":[{"id":262131,"href":"https:\/\/www.caririemacao.com\/1\/wp-json\/wp\/v2\/posts\/262129\/revisions\/262131"}],"wp:featuredmedia":[{"embeddable":true,"href":"https:\/\/www.caririemacao.com\/1\/wp-json\/wp\/v2\/media\/262130"}],"wp:attachment":[{"href":"https:\/\/www.caririemacao.com\/1\/wp-json\/wp\/v2\/media?parent=262129"}],"wp:term":[{"taxonomy":"category","embeddable":true,"href":"https:\/\/www.caririemacao.com\/1\/wp-json\/wp\/v2\/categories?post=262129"},{"taxonomy":"post_tag","embeddable":true,"href":"https:\/\/www.caririemacao.com\/1\/wp-json\/wp\/v2\/tags?post=262129"}],"curies":[{"name":"wp","href":"https:\/\/api.w.org\/{rel}","templated":true}]}}