{"id":262136,"date":"2023-01-17T09:48:58","date_gmt":"2023-01-17T12:48:58","guid":{"rendered":"https:\/\/www.caririemacao.com\/1\/?p=262136"},"modified":"2023-01-17T09:48:58","modified_gmt":"2023-01-17T12:48:58","slug":"ministro-inclui-minuta-apreendida-na-casa-de-torres-em-acao-contra-bolsonaro","status":"publish","type":"post","link":"https:\/\/www.caririemacao.com\/1\/2023\/01\/17\/ministro-inclui-minuta-apreendida-na-casa-de-torres-em-acao-contra-bolsonaro\/","title":{"rendered":"Ministro inclui minuta apreendida na casa de Torres em a\u00e7\u00e3o contra Bolsonaro"},"content":{"rendered":"<p>O ministro do Tribunal Superior Eleitoral (TSE) Benedito Gon\u00e7alves autorizou nessa segunda-feira (16) a inclus\u00e3o da minuta apreendida na casa do ex-ministro da Justi\u00e7a Anderson Torres em uma a\u00e7\u00e3o de investiga\u00e7\u00e3o eleitoral contra o ex-presidente Jair Bolsonaro.<\/p>\n<p>O pedido de inclus\u00e3o foi feito pelo PDT no processo aberto na Corte no ano passado para apurar a legalidade do encontro de Bolsonaro com embaixadores para questionar a lisura da vota\u00e7\u00e3o eletr\u00f4nica.<\/p>\n<p>Na decis\u00e3o, Gon\u00e7alves afirma que a minuta pode ter rela\u00e7\u00e3o com os fatos investigados no processo.<\/p>\n<p>\u201cConstata-se, assim, a inequ\u00edvoca correla\u00e7\u00e3o entre os fatos e documentos novos e a demanda estabilizada, uma vez que a iniciativa da parte autora converge com seu \u00f4nus de convencer que, na linha da narrativa apresentada na peti\u00e7\u00e3o inicial, a reuni\u00e3o realizada com os embaixadores deve ser analisada como elemento da campanha eleitoral de 2022, dotado de gravidade suficiente para afetar a normalidade e a legitimidade das elei\u00e7\u00f5es e, assim, configurar abuso de poder pol\u00edtico e uso indevido dos meios de comunica\u00e7\u00e3o\u201d, argumentou o ministro.<\/p>\n<p>Al\u00e9m da juntada da minuta, o ministro deu prazo de cinco dias para a defesa de Bolsonaro se manifestar no processo.<\/p>\n<p>Ainda n\u00e3o h\u00e1 prazo para julgamento da a\u00e7\u00e3o, que pode terminar com a condena\u00e7\u00e3o \u00e0 inelegibilidade do ex-presidente.<\/p>\n<p>A minuta foi encontrada pela Pol\u00edcia Federal ap\u00f3s busca a apreens\u00e3o realizada na casa de Anderson Torres em Bras\u00edlia.<\/p>\n<p>Ao comentar o caso nas redes sociais, antes de se entregar \u00e0 PF, Torres disse que o documento foi vazado fora do contexto\u201d.<\/p>\n","protected":false},"excerpt":{"rendered":"<p>O ministro do Tribunal Superior Eleitoral (TSE) Benedito Gon\u00e7alves autorizou nessa segunda-feira (16) a inclus\u00e3o da minuta apreendida na casa do ex-ministro da Justi\u00e7a Anderson&hellip; <\/p>\n","protected":false},"author":6,"featured_media":256310,"comment_status":"closed","ping_status":"closed","sticky":false,"template":"","format":"standard","meta":{"sfsi_plus_gutenberg_text_before_share":"","sfsi_plus_gutenberg_show_text_before_share":"","sfsi_plus_gutenberg_icon_type":"","sfsi_plus_gutenberg_icon_alignemt":"","sfsi_plus_gutenburg_max_per_row":"","footnotes":""},"categories":[123,11],"tags":[],"class_list":["post-262136","post","type-post","status-publish","format-standard","has-post-thumbnail","hentry","category-brasil","category-politica"],"_links":{"self":[{"href":"https:\/\/www.caririemacao.com\/1\/wp-json\/wp\/v2\/posts\/262136","targetHints":{"allow":["GET"]}}],"collection":[{"href":"https:\/\/www.caririemacao.com\/1\/wp-json\/wp\/v2\/posts"}],"about":[{"href":"https:\/\/www.caririemacao.com\/1\/wp-json\/wp\/v2\/types\/post"}],"author":[{"embeddable":true,"href":"https:\/\/www.caririemacao.com\/1\/wp-json\/wp\/v2\/users\/6"}],"replies":[{"embeddable":true,"href":"https:\/\/www.caririemacao.com\/1\/wp-json\/wp\/v2\/comments?post=262136"}],"version-history":[{"count":1,"href":"https:\/\/www.caririemacao.com\/1\/wp-json\/wp\/v2\/posts\/262136\/revisions"}],"predecessor-version":[{"id":262137,"href":"https:\/\/www.caririemacao.com\/1\/wp-json\/wp\/v2\/posts\/262136\/revisions\/262137"}],"wp:featuredmedia":[{"embeddable":true,"href":"https:\/\/www.caririemacao.com\/1\/wp-json\/wp\/v2\/media\/256310"}],"wp:attachment":[{"href":"https:\/\/www.caririemacao.com\/1\/wp-json\/wp\/v2\/media?parent=262136"}],"wp:term":[{"taxonomy":"category","embeddable":true,"href":"https:\/\/www.caririemacao.com\/1\/wp-json\/wp\/v2\/categories?post=262136"},{"taxonomy":"post_tag","embeddable":true,"href":"https:\/\/www.caririemacao.com\/1\/wp-json\/wp\/v2\/tags?post=262136"}],"curies":[{"name":"wp","href":"https:\/\/api.w.org\/{rel}","templated":true}]}}