{"id":262138,"date":"2023-01-17T12:54:51","date_gmt":"2023-01-17T15:54:51","guid":{"rendered":"https:\/\/www.caririemacao.com\/1\/?p=262138"},"modified":"2023-01-17T20:12:29","modified_gmt":"2023-01-17T23:12:29","slug":"informe-publicitario-prefeitura-entrega-equipamentos-ao-centro-oftalmologico-de-sume","status":"publish","type":"post","link":"https:\/\/www.caririemacao.com\/1\/2023\/01\/17\/informe-publicitario-prefeitura-entrega-equipamentos-ao-centro-oftalmologico-de-sume\/","title":{"rendered":"INFORME PUBLICIT\u00c1RIO: Prefeitura entrega equipamentos ao Centro Oftalmol\u00f3gico de Sum\u00e9"},"content":{"rendered":"<p>Com o intuito de ofertar mais qualidade na presta\u00e7\u00e3o de servi\u00e7o do Centro Oftalmol\u00f3gico de Sum\u00e9, a prefeitura, por meio da Secretaria Municipal de Sa\u00fade, comprou equipamentos modernos para garantir um atendimento mais digno \u00e0 popula\u00e7\u00e3o e melhorar as condi\u00e7\u00f5es de trabalho dos servidores.<\/p>\n<p>A cerim\u00f4nia de entrega ocorreu no Cons\u00f3rcio Intermunicipal de Sa\u00fade (Cisco), nessa ter\u00e7a-feira, 17, com a presen\u00e7a do prefeito de Sum\u00e9 e presidente do Cisco, \u00c9den Duarte e da secret\u00e1ria de Sa\u00fade, Tanniery L\u00eala. Participaram ainda a secret\u00e1ria Executiva do Cisco, Euza Barbosa, o vereador e presidente do Legislativo sumeense, Daniel L\u00eala, e t\u00e9cnicos da secretaria de Sa\u00fade.<\/p>\n<p><img decoding=\"async\" data-src=\"https:\/\/scontent.fcau26-1.fna.fbcdn.net\/v\/t1.15752-9\/324323531_848769436207085_7599266513088333788_n.jpg?_nc_cat=109&amp;ccb=1-7&amp;_nc_sid=ae9488&amp;_nc_eui2=AeFuLESOu6ItFA4p8vEIcQfOo1JMZjoC8OCjUkxmOgLw4OkwsUOfY_BkmhwqsxNEz3jMyS1KPi7hERVDq4Vt_wBI&amp;_nc_ohc=0I4cqi_W6aQAX9BHqek&amp;_nc_ht=scontent.fcau26-1.fna&amp;oh=03_AdRaXC19uMImaZxOuwun0h1k7UodW8pUkxzSMjLvaTUn5w&amp;oe=63EEB82C\" alt=\"Nenhuma descri\u00e7\u00e3o dispon\u00edvel.\" src=\"data:image\/svg+xml;base64,PHN2ZyB3aWR0aD0iMSIgaGVpZ2h0PSIxIiB4bWxucz0iaHR0cDovL3d3dy53My5vcmcvMjAwMC9zdmciPjwvc3ZnPg==\" class=\"lazyload\" \/><\/p>\n<p>Na ocasi\u00e3o foram entregues: um projetor oftalmol\u00f3gico, um oftalmosc\u00f3pio binocular indireto, um topografo de c\u00f3rnea e um camp\u00edmetro. O investimento, no valor aproximado de R$ 152 mil, \u00e9 oriundo de emenda parlamentar do ex-deputado federal Frei Anast\u00e1cio.<\/p>\n<p>O Centro Oftalmol\u00f3gico realiza mensalmente dezenas de procedimentos, envolvendo consultas, exames e cirurgias de catarata, pter\u00edgio, glaucoma, vitrectomia, entre outros. Com a aquisi\u00e7\u00e3o dos novos aparelhos haver\u00e1 melhora no atendimento aos pacientes e mais agilidade na atua\u00e7\u00e3o dos m\u00e9dicos.<\/p>\n<p><img decoding=\"async\" data-src=\"https:\/\/scontent.fcau26-1.fna.fbcdn.net\/v\/t1.15752-9\/319786771_721317932671172_8911221459416249378_n.jpg?_nc_cat=105&amp;ccb=1-7&amp;_nc_sid=ae9488&amp;_nc_eui2=AeHKfm3ZULNW1_faKAI7jY1mLla-qsz90MQuVr6qzP3QxDYDVlNMzKzEzkwhy4B3VySLUXwweYN2OKtPc5aQ1uPA&amp;_nc_ohc=K8v5g6pasSUAX-4UYXq&amp;_nc_ht=scontent.fcau26-1.fna&amp;oh=03_AdSsLv5z5Dz7rZqLuY99Q7qtKRSPp0Eqo08RWtEIWwtCUw&amp;oe=63EEA0B2\" alt=\"Nenhuma descri\u00e7\u00e3o dispon\u00edvel.\" src=\"data:image\/svg+xml;base64,PHN2ZyB3aWR0aD0iMSIgaGVpZ2h0PSIxIiB4bWxucz0iaHR0cDovL3d3dy53My5vcmcvMjAwMC9zdmciPjwvc3ZnPg==\" class=\"lazyload\" \/><\/p>\n<p>Para o m\u00e9dico oftalmologista do Cisco, \u00cdtalo Carneiro, os aparelhos v\u00e3o possibilitar a realiza\u00e7\u00e3o imediata e precisa de exames oftalmol\u00f3gicos, diminuindo assim o deslocamento de pacientes para realizar exames complementares nas cidades Campina Grande, Jo\u00e3o Pessoa e Recife.<\/p>\n<p>\u00cdtalo ainda destacou que a equipe m\u00e9dica do Centro est\u00e1 preparada para lidar com os novos aparelhos. Ele afirmou ainda que com a aquisi\u00e7\u00e3o dos equipamentos, a meta \u00e9 que em breve a maioria dos casos seja solucionada no munic\u00edpio de Sum\u00e9.<\/p>\n<p>De acordo com a secret\u00e1ria de Sa\u00fade, Tanniery L\u00eala, a aquisi\u00e7\u00e3o dos equipamentos ser\u00e1 muito importante para a melhoria no atendimento aos pacientes de Sum\u00e9 e da regi\u00e3o, principalmente as crian\u00e7as e pessoas idosas, que precisam de um cuidado especial no p\u00f3s operat\u00f3rio. Al\u00e9m disso, diminuir\u00e1 tamb\u00e9m o fluxo do deslocamento de carro e motorista.<\/p>\n<p>O prefeito de Sum\u00e9 e presidente do Cisco, \u00c9den Duarte, destacou que estava muito feliz em poder entregar aparelhos de qualidade ao Centro Oftalmol\u00f3gico, que j\u00e1 \u00e9 considerado um dos mais modernos do estado da Para\u00edba. Ele ressaltou que esse ser\u00e1 sempre o seu compromisso enquanto prefeito e presidente do cons\u00f3rcio, continuar investindo e aperfei\u00e7oando os servi\u00e7os do espa\u00e7o. Na ocasi\u00e3o, \u00c9den anunciou tamb\u00e9m que em breve far\u00e1 a entrega de um tom\u00f3grafo de c\u00f3rnea, muito importante para diagnosticar e acompanhar doen\u00e7as da c\u00f3rnea e avaliar a efic\u00e1cia dos tratamentos oftalmol\u00f3gicos.<\/p>\n<p><img decoding=\"async\" data-src=\"https:\/\/scontent.fcau26-1.fna.fbcdn.net\/v\/t1.15752-9\/325210288_6617529308262619_732353788701074613_n.jpg?_nc_cat=110&amp;ccb=1-7&amp;_nc_sid=ae9488&amp;_nc_eui2=AeH0lWyCNGWT5o_pG3cznKS-WsX_gGPKaXxaxf-AY8ppfJOfj9O3NeopWz5RqeDhlPctQiwmJXd6QI4E9swLJDsf&amp;_nc_ohc=uAmOY-DGVAkAX97FtN7&amp;_nc_ht=scontent.fcau26-1.fna&amp;oh=03_AdSr1ZhbY8vlVIob8aXNO0lQewsn5IZfBx1y2zA8b9duBg&amp;oe=63EE9E00\" alt=\"Nenhuma descri\u00e7\u00e3o dispon\u00edvel.\" src=\"data:image\/svg+xml;base64,PHN2ZyB3aWR0aD0iMSIgaGVpZ2h0PSIxIiB4bWxucz0iaHR0cDovL3d3dy53My5vcmcvMjAwMC9zdmciPjwvc3ZnPg==\" class=\"lazyload\" \/><\/p>\n<p><img decoding=\"async\" class=\"size-full wp-image-236394 aligncenter lazyload\" data-src=\"https:\/\/www.caririemacao.com\/1\/wp-content\/uploads\/2021\/12\/LOGO-SUME.jpg\" alt=\"\" width=\"206\" height=\"206\" data-srcset=\"https:\/\/www.caririemacao.com\/1\/wp-content\/uploads\/2021\/12\/LOGO-SUME.jpg 206w, https:\/\/www.caririemacao.com\/1\/wp-content\/uploads\/2021\/12\/LOGO-SUME-150x150.jpg 150w\" data-sizes=\"(max-width: 206px) 100vw, 206px\" src=\"data:image\/svg+xml;base64,PHN2ZyB3aWR0aD0iMSIgaGVpZ2h0PSIxIiB4bWxucz0iaHR0cDovL3d3dy53My5vcmcvMjAwMC9zdmciPjwvc3ZnPg==\" style=\"--smush-placeholder-width: 206px; --smush-placeholder-aspect-ratio: 206\/206;\" \/><\/p>\n","protected":false},"excerpt":{"rendered":"<p>Com o intuito de ofertar mais qualidade na presta\u00e7\u00e3o de servi\u00e7o do Centro Oftalmol\u00f3gico de Sum\u00e9, a prefeitura, por meio da Secretaria Municipal de Sa\u00fade,&hellip; <\/p>\n","protected":false},"author":6,"featured_media":262144,"comment_status":"closed","ping_status":"closed","sticky":false,"template":"","format":"standard","meta":{"sfsi_plus_gutenberg_text_before_share":"","sfsi_plus_gutenberg_show_text_before_share":"","sfsi_plus_gutenberg_icon_type":"","sfsi_plus_gutenberg_icon_alignemt":"","sfsi_plus_gutenburg_max_per_row":"","footnotes":""},"categories":[95],"tags":[],"class_list":["post-262138","post","type-post","status-publish","format-standard","has-post-thumbnail","hentry","category-sume"],"_links":{"self":[{"href":"https:\/\/www.caririemacao.com\/1\/wp-json\/wp\/v2\/posts\/262138","targetHints":{"allow":["GET"]}}],"collection":[{"href":"https:\/\/www.caririemacao.com\/1\/wp-json\/wp\/v2\/posts"}],"about":[{"href":"https:\/\/www.caririemacao.com\/1\/wp-json\/wp\/v2\/types\/post"}],"author":[{"embeddable":true,"href":"https:\/\/www.caririemacao.com\/1\/wp-json\/wp\/v2\/users\/6"}],"replies":[{"embeddable":true,"href":"https:\/\/www.caririemacao.com\/1\/wp-json\/wp\/v2\/comments?post=262138"}],"version-history":[{"count":4,"href":"https:\/\/www.caririemacao.com\/1\/wp-json\/wp\/v2\/posts\/262138\/revisions"}],"predecessor-version":[{"id":262163,"href":"https:\/\/www.caririemacao.com\/1\/wp-json\/wp\/v2\/posts\/262138\/revisions\/262163"}],"wp:featuredmedia":[{"embeddable":true,"href":"https:\/\/www.caririemacao.com\/1\/wp-json\/wp\/v2\/media\/262144"}],"wp:attachment":[{"href":"https:\/\/www.caririemacao.com\/1\/wp-json\/wp\/v2\/media?parent=262138"}],"wp:term":[{"taxonomy":"category","embeddable":true,"href":"https:\/\/www.caririemacao.com\/1\/wp-json\/wp\/v2\/categories?post=262138"},{"taxonomy":"post_tag","embeddable":true,"href":"https:\/\/www.caririemacao.com\/1\/wp-json\/wp\/v2\/tags?post=262138"}],"curies":[{"name":"wp","href":"https:\/\/api.w.org\/{rel}","templated":true}]}}