{"id":262153,"date":"2023-01-17T14:57:35","date_gmt":"2023-01-17T17:57:35","guid":{"rendered":"https:\/\/www.caririemacao.com\/1\/?p=262153"},"modified":"2023-01-17T14:57:35","modified_gmt":"2023-01-17T17:57:35","slug":"no-cariri-homem-que-estava-desaparecido-foi-encontrado-apos-sofrer-acidente-de-moto","status":"publish","type":"post","link":"https:\/\/www.caririemacao.com\/1\/2023\/01\/17\/no-cariri-homem-que-estava-desaparecido-foi-encontrado-apos-sofrer-acidente-de-moto\/","title":{"rendered":"NO CARIRI: Homem que estava desaparecido foi encontrado ap\u00f3s sofrer acidente de moto"},"content":{"rendered":"<p>Um homem identificado por nome Marcelo, natural de Alcantil, no Cariri, que estava desaparecido ap\u00f3s sair para uma festa, na cidade de Taquaritinga, no Pernambuco, foi encontrado na manh\u00e3 desta ter\u00e7a-feira (17), ap\u00f3s sofrer um acidente de moto.<\/p>\n<p>A reportagem recebeu imagens exclusivas do momento em que Marcelo foi retirado do local do acidente por uma equipe do Servi\u00e7o de Atendimento M\u00f3vel de Urg\u00eancia (SAMU).<\/p>\n<p><em>Com Blog do Bruno Lira<\/em><\/p>\n","protected":false},"excerpt":{"rendered":"<p>Um homem identificado por nome Marcelo, natural de Alcantil, no Cariri, que estava desaparecido ap\u00f3s sair para uma festa, na cidade de Taquaritinga, no Pernambuco,&hellip; <\/p>\n","protected":false},"author":6,"featured_media":262154,"comment_status":"closed","ping_status":"closed","sticky":false,"template":"","format":"standard","meta":{"sfsi_plus_gutenberg_text_before_share":"","sfsi_plus_gutenberg_show_text_before_share":"","sfsi_plus_gutenberg_icon_type":"","sfsi_plus_gutenberg_icon_alignemt":"","sfsi_plus_gutenburg_max_per_row":"","footnotes":""},"categories":[106],"tags":[],"class_list":["post-262153","post","type-post","status-publish","format-standard","has-post-thumbnail","hentry","category-cariri"],"_links":{"self":[{"href":"https:\/\/www.caririemacao.com\/1\/wp-json\/wp\/v2\/posts\/262153","targetHints":{"allow":["GET"]}}],"collection":[{"href":"https:\/\/www.caririemacao.com\/1\/wp-json\/wp\/v2\/posts"}],"about":[{"href":"https:\/\/www.caririemacao.com\/1\/wp-json\/wp\/v2\/types\/post"}],"author":[{"embeddable":true,"href":"https:\/\/www.caririemacao.com\/1\/wp-json\/wp\/v2\/users\/6"}],"replies":[{"embeddable":true,"href":"https:\/\/www.caririemacao.com\/1\/wp-json\/wp\/v2\/comments?post=262153"}],"version-history":[{"count":1,"href":"https:\/\/www.caririemacao.com\/1\/wp-json\/wp\/v2\/posts\/262153\/revisions"}],"predecessor-version":[{"id":262155,"href":"https:\/\/www.caririemacao.com\/1\/wp-json\/wp\/v2\/posts\/262153\/revisions\/262155"}],"wp:featuredmedia":[{"embeddable":true,"href":"https:\/\/www.caririemacao.com\/1\/wp-json\/wp\/v2\/media\/262154"}],"wp:attachment":[{"href":"https:\/\/www.caririemacao.com\/1\/wp-json\/wp\/v2\/media?parent=262153"}],"wp:term":[{"taxonomy":"category","embeddable":true,"href":"https:\/\/www.caririemacao.com\/1\/wp-json\/wp\/v2\/categories?post=262153"},{"taxonomy":"post_tag","embeddable":true,"href":"https:\/\/www.caririemacao.com\/1\/wp-json\/wp\/v2\/tags?post=262153"}],"curies":[{"name":"wp","href":"https:\/\/api.w.org\/{rel}","templated":true}]}}