{"id":262437,"date":"2023-01-24T11:08:09","date_gmt":"2023-01-24T14:08:09","guid":{"rendered":"https:\/\/www.caririemacao.com\/1\/?p=262437"},"modified":"2023-01-24T11:08:09","modified_gmt":"2023-01-24T14:08:09","slug":"novo-secretario-de-educacao-da-paraiba-priorizara-alfabetizacao-de-criancas-e-ensino-integral","status":"publish","type":"post","link":"https:\/\/www.caririemacao.com\/1\/2023\/01\/24\/novo-secretario-de-educacao-da-paraiba-priorizara-alfabetizacao-de-criancas-e-ensino-integral\/","title":{"rendered":"Novo secret\u00e1rio de Educa\u00e7\u00e3o da Para\u00edba priorizar\u00e1 alfabetiza\u00e7\u00e3o de crian\u00e7as e ensino integral"},"content":{"rendered":"<p>Anunciado como novo secret\u00e1rio de Educa\u00e7\u00e3o pelo governador Jo\u00e3o Azev\u00eado, o professor Antonio Roberto j\u00e1 elencou cinco prioridades da sua gest\u00e3o \u00e0 frente da pasta, que se desdobrar\u00e3o em diversos programas e projetos.<\/p>\n<p>Ele afirmou que entre as metas est\u00e1 a alfabetiza\u00e7\u00e3o de todas as crian\u00e7as at\u00e9 o final do 2\u00b0 ano do Ensino Fundamental por meio de uma pol\u00edtica de coopera\u00e7\u00e3o do estado com os munic\u00edpios.<\/p>\n<p>Al\u00e9m disso, o trabalho na Secretaria ser\u00e1 voltando para melhoria dos indicadores de aprendizagem em todas as etapas da educa\u00e7\u00e3o b\u00e1sica, de forma a colocar a Para\u00edba em posi\u00e7\u00e3o de destaque em avan\u00e7os na educa\u00e7\u00e3o brasileira.<\/p>\n<p>O secret\u00e1rio ainda adiantou que pretende ampliar o n\u00famero de escolas em tempo integral nas redes municipais e na rede estadual, al\u00e9m de focar na prepara\u00e7\u00e3o dos estudantes de ensino m\u00e9dio para o acesso \u00e0 universidade e na amplia\u00e7\u00e3o das oportunidades de forma\u00e7\u00e3o t\u00e9cnico-profissional.<\/p>\n<p>Quando questionado se pretende trazer para a Para\u00edba projetos implantados no Cear\u00e1 no per\u00edodo em que esteve \u00e0 frente da Coordenadoria Regional de Desenvolvimento da Educa\u00e7\u00e3o daquele estado, ele afirmou que pretende construir as solu\u00e7\u00f5es para a educa\u00e7\u00e3o da Para\u00edba com os educadores do pr\u00f3prio estado.<\/p>\n<p>\u201cS\u00e3o contextos e tempos diferentes. Mas, sem d\u00favida, levo na bagagem a pol\u00edtica de colabora\u00e7\u00e3o do estado com os munic\u00edpios para alfabetiza\u00e7\u00e3o de crian\u00e7as na idade certa, a ampla gama de iniciativas para a melhoria da aprendizagem no ensino m\u00e9dio e a experi\u00eancia na implementa\u00e7\u00e3o do novo ensino com as escolas de ensino m\u00e9dio em tempo integral e de educa\u00e7\u00e3o profissional\u201d, explicou.<\/p>\n<p>Uma reuni\u00e3o deve ser agendada nos pr\u00f3ximos dias entre Antonio Roberto e seu antecessor na Secretaria de Educa\u00e7\u00e3o, Cl\u00e1udio Furtado.<\/p>\n<p>&nbsp;<\/p>\n<p>MaisPB<\/p>\n","protected":false},"excerpt":{"rendered":"<p>Anunciado como novo secret\u00e1rio de Educa\u00e7\u00e3o pelo governador Jo\u00e3o Azev\u00eado, o professor Antonio Roberto j\u00e1 elencou cinco prioridades da sua gest\u00e3o \u00e0 frente da pasta,&hellip; <\/p>\n","protected":false},"author":6,"featured_media":262438,"comment_status":"closed","ping_status":"closed","sticky":false,"template":"","format":"standard","meta":{"sfsi_plus_gutenberg_text_before_share":"","sfsi_plus_gutenberg_show_text_before_share":"","sfsi_plus_gutenberg_icon_type":"","sfsi_plus_gutenberg_icon_alignemt":"","sfsi_plus_gutenburg_max_per_row":"","footnotes":""},"categories":[1],"tags":[],"class_list":["post-262437","post","type-post","status-publish","format-standard","has-post-thumbnail","hentry","category-o-site"],"_links":{"self":[{"href":"https:\/\/www.caririemacao.com\/1\/wp-json\/wp\/v2\/posts\/262437","targetHints":{"allow":["GET"]}}],"collection":[{"href":"https:\/\/www.caririemacao.com\/1\/wp-json\/wp\/v2\/posts"}],"about":[{"href":"https:\/\/www.caririemacao.com\/1\/wp-json\/wp\/v2\/types\/post"}],"author":[{"embeddable":true,"href":"https:\/\/www.caririemacao.com\/1\/wp-json\/wp\/v2\/users\/6"}],"replies":[{"embeddable":true,"href":"https:\/\/www.caririemacao.com\/1\/wp-json\/wp\/v2\/comments?post=262437"}],"version-history":[{"count":1,"href":"https:\/\/www.caririemacao.com\/1\/wp-json\/wp\/v2\/posts\/262437\/revisions"}],"predecessor-version":[{"id":262439,"href":"https:\/\/www.caririemacao.com\/1\/wp-json\/wp\/v2\/posts\/262437\/revisions\/262439"}],"wp:featuredmedia":[{"embeddable":true,"href":"https:\/\/www.caririemacao.com\/1\/wp-json\/wp\/v2\/media\/262438"}],"wp:attachment":[{"href":"https:\/\/www.caririemacao.com\/1\/wp-json\/wp\/v2\/media?parent=262437"}],"wp:term":[{"taxonomy":"category","embeddable":true,"href":"https:\/\/www.caririemacao.com\/1\/wp-json\/wp\/v2\/categories?post=262437"},{"taxonomy":"post_tag","embeddable":true,"href":"https:\/\/www.caririemacao.com\/1\/wp-json\/wp\/v2\/tags?post=262437"}],"curies":[{"name":"wp","href":"https:\/\/api.w.org\/{rel}","templated":true}]}}