{"id":262440,"date":"2023-01-24T11:23:16","date_gmt":"2023-01-24T14:23:16","guid":{"rendered":"https:\/\/www.caririemacao.com\/1\/?p=262440"},"modified":"2023-01-24T11:23:16","modified_gmt":"2023-01-24T14:23:16","slug":"wilson-filho-da-parecer-favoravel-pela-aprovacao-das-contas-de-joao-azevedo-e-ricardo-coutinho","status":"publish","type":"post","link":"https:\/\/www.caririemacao.com\/1\/2023\/01\/24\/wilson-filho-da-parecer-favoravel-pela-aprovacao-das-contas-de-joao-azevedo-e-ricardo-coutinho\/","title":{"rendered":"Wilson Filho d\u00e1 parecer favor\u00e1vel pela aprova\u00e7\u00e3o das contas de Jo\u00e3o Azev\u00eado e Ricardo Coutinho"},"content":{"rendered":"<p>O deputado estadual Wilson Filho (Republicanos) deu parecer favor\u00e1vel, nesta ter\u00e7a-feira (24), \u00e0 aprova\u00e7\u00e3o das contas do governador Jo\u00e3o Azev\u00eado (PSB) nos anos de 2019, 2020 e 2021, al\u00e9m das do ex-governador Ricardo Coutinho (PT) de 2016 a 2018. Wilson \u00e9 o relator dos processos na Assembleia Legislativa da Para\u00edba (ALPB).<\/p>\n<p>Todas as contas haviam sido desaprovadas pelo Tribunal de Contas do Estado (TCE-PB), com a exce\u00e7\u00e3o das de Jo\u00e3o, em 2021.<\/p>\n<p>Os sete membros da Comiss\u00e3o de Or\u00e7amento, Fiscaliza\u00e7\u00e3o, Tributa\u00e7\u00e3o e Transpar\u00eancia da ALPB est\u00e3o reunidos, nesta ter\u00e7a-feira (24), por sistema h\u00edbrido. O edital de convoca\u00e7\u00e3o assinado pelo presidente do grupo, Branco Mendes (Republicanos), foi publicado no Di\u00e1rio do Poder Legislativo (DPL). Al\u00e9m de Branco e Wilson Filho, comp\u00f5em a comiss\u00e3o Ricardo Barbosa, Buba Germano, J\u00fanior Ara\u00fajo, Tovar Correia Lima e Camila Toscano.<\/p>\n<p>Ap\u00f3s a an\u00e1lise, os processos ir\u00e3o a plen\u00e1rio e ser\u00e3o votados em bloco. A Assembleia realiza sess\u00e3o extraordin\u00e1ria at\u00e9 a pr\u00f3xima sexta-feira (27). Ser\u00e1 a \u00faltima antes da posse da nova legislatura, no dia 1\u00ba de fevereiro.<\/p>\n<p>&nbsp;<\/p>\n","protected":false},"excerpt":{"rendered":"<p>O deputado estadual Wilson Filho (Republicanos) deu parecer favor\u00e1vel, nesta ter\u00e7a-feira (24), \u00e0 aprova\u00e7\u00e3o das contas do governador Jo\u00e3o Azev\u00eado (PSB) nos anos de 2019,&hellip; <\/p>\n","protected":false},"author":6,"featured_media":167834,"comment_status":"closed","ping_status":"closed","sticky":false,"template":"","format":"standard","meta":{"sfsi_plus_gutenberg_text_before_share":"","sfsi_plus_gutenberg_show_text_before_share":"","sfsi_plus_gutenberg_icon_type":"","sfsi_plus_gutenberg_icon_alignemt":"","sfsi_plus_gutenburg_max_per_row":"","footnotes":""},"categories":[104],"tags":[],"class_list":["post-262440","post","type-post","status-publish","format-standard","has-post-thumbnail","hentry","category-paraiba"],"_links":{"self":[{"href":"https:\/\/www.caririemacao.com\/1\/wp-json\/wp\/v2\/posts\/262440","targetHints":{"allow":["GET"]}}],"collection":[{"href":"https:\/\/www.caririemacao.com\/1\/wp-json\/wp\/v2\/posts"}],"about":[{"href":"https:\/\/www.caririemacao.com\/1\/wp-json\/wp\/v2\/types\/post"}],"author":[{"embeddable":true,"href":"https:\/\/www.caririemacao.com\/1\/wp-json\/wp\/v2\/users\/6"}],"replies":[{"embeddable":true,"href":"https:\/\/www.caririemacao.com\/1\/wp-json\/wp\/v2\/comments?post=262440"}],"version-history":[{"count":1,"href":"https:\/\/www.caririemacao.com\/1\/wp-json\/wp\/v2\/posts\/262440\/revisions"}],"predecessor-version":[{"id":262442,"href":"https:\/\/www.caririemacao.com\/1\/wp-json\/wp\/v2\/posts\/262440\/revisions\/262442"}],"wp:featuredmedia":[{"embeddable":true,"href":"https:\/\/www.caririemacao.com\/1\/wp-json\/wp\/v2\/media\/167834"}],"wp:attachment":[{"href":"https:\/\/www.caririemacao.com\/1\/wp-json\/wp\/v2\/media?parent=262440"}],"wp:term":[{"taxonomy":"category","embeddable":true,"href":"https:\/\/www.caririemacao.com\/1\/wp-json\/wp\/v2\/categories?post=262440"},{"taxonomy":"post_tag","embeddable":true,"href":"https:\/\/www.caririemacao.com\/1\/wp-json\/wp\/v2\/tags?post=262440"}],"curies":[{"name":"wp","href":"https:\/\/api.w.org\/{rel}","templated":true}]}}