{"id":262443,"date":"2023-01-24T13:06:31","date_gmt":"2023-01-24T16:06:31","guid":{"rendered":"https:\/\/www.caririemacao.com\/1\/?p=262443"},"modified":"2023-01-24T13:06:31","modified_gmt":"2023-01-24T16:06:31","slug":"stf-suspende-efeitos-de-decisao-do-tcu-e-mantem-repasses-do-fpm-de-municipios-afetados-pelo-censo","status":"publish","type":"post","link":"https:\/\/www.caririemacao.com\/1\/2023\/01\/24\/stf-suspende-efeitos-de-decisao-do-tcu-e-mantem-repasses-do-fpm-de-municipios-afetados-pelo-censo\/","title":{"rendered":"STF suspende efeitos de decis\u00e3o do TCU e mant\u00e9m repasses do FPM de munic\u00edpios afetados pelo Censo"},"content":{"rendered":"<p>O Supremo Tribunal Federal (STF) suspendeu os efeitos da Decis\u00e3o Normativa 201\/2022 do Tribunal de Contas da Uni\u00e3o (TCU) para manter como patamar m\u00ednimo os coeficientes de distribui\u00e7\u00e3o do Fundo de Participa\u00e7\u00e3o dos Munic\u00edpios (FPM) utilizados no exerc\u00edcio de 2018 durante o exerc\u00edcio de 2023, compensando-se, nas transfer\u00eancias subsequentes, os valores j\u00e1 transferidos.<\/p>\n<p>O ministro Ricardo Lewandowski, na sua decis\u00e3o, disse que defere a cautelar, referendada pelo Plen\u00e1rio do Supremo Tribunal Federal, para suspender os efeitos da Decis\u00e3o Normativa mantendo como patamar m\u00ednimo os coeficientes de distribui\u00e7\u00e3o do FPM utilizados no exerc\u00edcio de 2018 durante o exerc\u00edcio de 2023. Tamb\u00e9m garantiu a compensa\u00e7\u00e3o nas transfer\u00eancias subseq\u00fcentes dos valores j\u00e1 transferidos a menor.<\/p>\n<p>A a\u00e7\u00e3o movida junto ao STF pelo Partido Comunista do Brasil (PCB) mostra que o recenseamento realizado pelo IBGE atingiu 83,9% da popula\u00e7\u00e3o, n\u00e3o podendo prejudicar os munic\u00edpios uma vez que o processo n\u00e3o atingiu os 100%. O partido solicitou ainda que caso n\u00e3o seja publicado o resultado do censo em 2023, que a tutela provis\u00f3ria tenha efeitos tamb\u00e9m para os pr\u00f3ximos exerc\u00edcios, at\u00e9 que haja a publica\u00e7\u00e3o do censo.<\/p>\n<p>Na Para\u00edba, 19 munic\u00edpios ficaram amea\u00e7ados a penalidades de redu\u00e7\u00e3o do FPM por conta da redu\u00e7\u00e3o populacional, conforme resultado do Censo que ainda n\u00e3o foi conclu\u00eddo. Esses munic\u00edpios foram beneficiados por uma liminar conseguida pela Federa\u00e7\u00e3o das Associa\u00e7\u00f5es de Munic\u00edpios Paraibanos (Famup) e garantiram o recebimento integral dos valores. O preju\u00edzo total seria de R$ 86 milh\u00f5es para os cofres p\u00fablicos municipais.<\/p>\n<p>\u201cEssa \u00e9 mais uma vit\u00f3ria municipalista. A Justi\u00e7a, assim como n\u00f3s, entende que as altera\u00e7\u00f5es s\u00f3 podem ser feitas com o Censo 100% conclu\u00eddo, uma vez que existem localidades em munic\u00edpios paraibanos com mais de 600 pessoas e que ainda n\u00e3o foram recenseadas. Essa decis\u00e3o \u00e9 mais uma para garantir o direito dos munic\u00edpios\u201d, destacou o presidente da Famup, George Coelho.<\/p>\n","protected":false},"excerpt":{"rendered":"<p>O Supremo Tribunal Federal (STF) suspendeu os efeitos da Decis\u00e3o Normativa 201\/2022 do Tribunal de Contas da Uni\u00e3o (TCU) para manter como patamar m\u00ednimo os&hellip; <\/p>\n","protected":false},"author":6,"featured_media":261768,"comment_status":"closed","ping_status":"closed","sticky":false,"template":"","format":"standard","meta":{"sfsi_plus_gutenberg_text_before_share":"","sfsi_plus_gutenberg_show_text_before_share":"","sfsi_plus_gutenberg_icon_type":"","sfsi_plus_gutenberg_icon_alignemt":"","sfsi_plus_gutenburg_max_per_row":"","footnotes":""},"categories":[104],"tags":[],"class_list":["post-262443","post","type-post","status-publish","format-standard","has-post-thumbnail","hentry","category-paraiba"],"_links":{"self":[{"href":"https:\/\/www.caririemacao.com\/1\/wp-json\/wp\/v2\/posts\/262443","targetHints":{"allow":["GET"]}}],"collection":[{"href":"https:\/\/www.caririemacao.com\/1\/wp-json\/wp\/v2\/posts"}],"about":[{"href":"https:\/\/www.caririemacao.com\/1\/wp-json\/wp\/v2\/types\/post"}],"author":[{"embeddable":true,"href":"https:\/\/www.caririemacao.com\/1\/wp-json\/wp\/v2\/users\/6"}],"replies":[{"embeddable":true,"href":"https:\/\/www.caririemacao.com\/1\/wp-json\/wp\/v2\/comments?post=262443"}],"version-history":[{"count":1,"href":"https:\/\/www.caririemacao.com\/1\/wp-json\/wp\/v2\/posts\/262443\/revisions"}],"predecessor-version":[{"id":262444,"href":"https:\/\/www.caririemacao.com\/1\/wp-json\/wp\/v2\/posts\/262443\/revisions\/262444"}],"wp:featuredmedia":[{"embeddable":true,"href":"https:\/\/www.caririemacao.com\/1\/wp-json\/wp\/v2\/media\/261768"}],"wp:attachment":[{"href":"https:\/\/www.caririemacao.com\/1\/wp-json\/wp\/v2\/media?parent=262443"}],"wp:term":[{"taxonomy":"category","embeddable":true,"href":"https:\/\/www.caririemacao.com\/1\/wp-json\/wp\/v2\/categories?post=262443"},{"taxonomy":"post_tag","embeddable":true,"href":"https:\/\/www.caririemacao.com\/1\/wp-json\/wp\/v2\/tags?post=262443"}],"curies":[{"name":"wp","href":"https:\/\/api.w.org\/{rel}","templated":true}]}}