{"id":262447,"date":"2023-01-24T16:51:11","date_gmt":"2023-01-24T19:51:11","guid":{"rendered":"https:\/\/www.caririemacao.com\/1\/?p=262447"},"modified":"2023-01-24T16:51:11","modified_gmt":"2023-01-24T19:51:11","slug":"aristeu-chaves-toma-posse-como-novo-presidente-da-empaer","status":"publish","type":"post","link":"https:\/\/www.caririemacao.com\/1\/2023\/01\/24\/aristeu-chaves-toma-posse-como-novo-presidente-da-empaer\/","title":{"rendered":"Aristeu Chaves toma posse como novo presidente da Empaer"},"content":{"rendered":"<p>O ex-prefeito de Camala\u00fa, Aristeu Chaves, assumiu nesta ter\u00e7a-feira (24), a presid\u00eancia da Empaer na Para\u00edba. A solenidade aconteceu na sede \u00f3rg\u00e3o, em Jo\u00e3o Pessoa, e contou com a participa\u00e7\u00e3o do procurador do Estado, F\u00e1bio Andrade, com a presen\u00e7a do secret\u00e1rio de Agricultura familiar da Para\u00edba, Bivar e diversas outras lideran\u00e7as.<\/p>\n<p>Durante a posse, Aristeu Chaves, fez uma an\u00e1lise dos desafios \u00e0 frente da dire\u00e7\u00e3o do \u00f3rg\u00e3o e afirmou que tem muito trabalho pela frente.<\/p>\n<p>\u201cTemos muito trabalho pela frente onde temos plenas condi\u00e7\u00f5es de fomentar a atividade de agricultura em nosso estado. Agrade\u00e7o a confian\u00e7a do governador Jo\u00e3o Azev\u00eado em meu nome, ao qual de agora possamos trabalhar em prol do desenvolvimento da Para\u00edba,\u201d disse.<\/p>\n<p>No primeiro mandato do governo Jo\u00e3o Azev\u00eado, Aristeu esteve \u00e0 frente da coordena\u00e7\u00e3o do programa Procase.<\/p>\n<p>Uma caravana de Camala\u00fa esteve presente na posse, dentre elas o prefeito Bira Mariano, o presidente da C\u00e2mara Municipal, vereador Genildo, a vereadora, Nicinha, o ex-prefeito, Jacinto e o ex-vereador, Jo\u00e3o.<\/p>\n<p><img fetchpriority=\"high\" decoding=\"async\" class=\"size-medium wp-image-84310 aligncenter\" src=\"https:\/\/www.blogdobrunolira.com.br\/wp-content\/uploads\/2023\/01\/IMG_1520-1-300x225.jpg\" sizes=\"(max-width: 300px) 100vw, 300px\" srcset=\"https:\/\/www.blogdobrunolira.com.br\/wp-content\/uploads\/2023\/01\/IMG_1520-1-300x225.jpg 300w, https:\/\/www.blogdobrunolira.com.br\/wp-content\/uploads\/2023\/01\/IMG_1520-1-768x576.jpg 768w, https:\/\/www.blogdobrunolira.com.br\/wp-content\/uploads\/2023\/01\/IMG_1520-1-1024x768.jpg 1024w\" alt=\"\" width=\"300\" height=\"225\" data-attachment-id=\"84310\" data-permalink=\"https:\/\/www.blogdobrunolira.com.br\/2023\/01\/aristeu-chaves-toma-posse-como-novo-presidente-da-empaer\/img_1520-1\/\" data-orig-file=\"https:\/\/www.blogdobrunolira.com.br\/wp-content\/uploads\/2023\/01\/IMG_1520-1.jpg\" data-orig-size=\"4032,3024\" data-comments-opened=\"1\" data-image-meta=\"{&quot;aperture&quot;:&quot;0&quot;,&quot;credit&quot;:&quot;&quot;,&quot;camera&quot;:&quot;&quot;,&quot;caption&quot;:&quot;&quot;,&quot;created_timestamp&quot;:&quot;0&quot;,&quot;copyright&quot;:&quot;&quot;,&quot;focal_length&quot;:&quot;0&quot;,&quot;iso&quot;:&quot;0&quot;,&quot;shutter_speed&quot;:&quot;0&quot;,&quot;title&quot;:&quot;&quot;,&quot;orientation&quot;:&quot;3&quot;}\" data-image-title=\"IMG_1520 (1)\" data-image-description=\"\" data-medium-file=\"https:\/\/www.blogdobrunolira.com.br\/wp-content\/uploads\/2023\/01\/IMG_1520-1-300x225.jpg\" data-large-file=\"https:\/\/www.blogdobrunolira.com.br\/wp-content\/uploads\/2023\/01\/IMG_1520-1-1024x768.jpg\" \/><\/p>\n<p>&nbsp;<\/p>\n<p>&nbsp;<\/p>\n<p><strong>CARIRI EM A\u00c7\u00c3O<\/strong><\/p>\n<p>Com Blog do Bruno Lira<\/p>\n","protected":false},"excerpt":{"rendered":"<p>O ex-prefeito de Camala\u00fa, Aristeu Chaves, assumiu nesta ter\u00e7a-feira (24), a presid\u00eancia da Empaer na Para\u00edba. A solenidade aconteceu na sede \u00f3rg\u00e3o, em Jo\u00e3o Pessoa,&hellip; <\/p>\n","protected":false},"author":6,"featured_media":262448,"comment_status":"closed","ping_status":"closed","sticky":false,"template":"","format":"standard","meta":{"sfsi_plus_gutenberg_text_before_share":"","sfsi_plus_gutenberg_show_text_before_share":"","sfsi_plus_gutenberg_icon_type":"","sfsi_plus_gutenberg_icon_alignemt":"","sfsi_plus_gutenburg_max_per_row":"","footnotes":""},"categories":[106],"tags":[],"class_list":["post-262447","post","type-post","status-publish","format-standard","has-post-thumbnail","hentry","category-cariri"],"_links":{"self":[{"href":"https:\/\/www.caririemacao.com\/1\/wp-json\/wp\/v2\/posts\/262447","targetHints":{"allow":["GET"]}}],"collection":[{"href":"https:\/\/www.caririemacao.com\/1\/wp-json\/wp\/v2\/posts"}],"about":[{"href":"https:\/\/www.caririemacao.com\/1\/wp-json\/wp\/v2\/types\/post"}],"author":[{"embeddable":true,"href":"https:\/\/www.caririemacao.com\/1\/wp-json\/wp\/v2\/users\/6"}],"replies":[{"embeddable":true,"href":"https:\/\/www.caririemacao.com\/1\/wp-json\/wp\/v2\/comments?post=262447"}],"version-history":[{"count":1,"href":"https:\/\/www.caririemacao.com\/1\/wp-json\/wp\/v2\/posts\/262447\/revisions"}],"predecessor-version":[{"id":262449,"href":"https:\/\/www.caririemacao.com\/1\/wp-json\/wp\/v2\/posts\/262447\/revisions\/262449"}],"wp:featuredmedia":[{"embeddable":true,"href":"https:\/\/www.caririemacao.com\/1\/wp-json\/wp\/v2\/media\/262448"}],"wp:attachment":[{"href":"https:\/\/www.caririemacao.com\/1\/wp-json\/wp\/v2\/media?parent=262447"}],"wp:term":[{"taxonomy":"category","embeddable":true,"href":"https:\/\/www.caririemacao.com\/1\/wp-json\/wp\/v2\/categories?post=262447"},{"taxonomy":"post_tag","embeddable":true,"href":"https:\/\/www.caririemacao.com\/1\/wp-json\/wp\/v2\/tags?post=262447"}],"curies":[{"name":"wp","href":"https:\/\/api.w.org\/{rel}","templated":true}]}}