{"id":262453,"date":"2023-01-24T18:07:58","date_gmt":"2023-01-24T21:07:58","guid":{"rendered":"https:\/\/www.caririemacao.com\/1\/?p=262453"},"modified":"2023-01-24T18:07:58","modified_gmt":"2023-01-24T21:07:58","slug":"acidente-com-vitima-fatal-e-registrado-em-rodovia-do-cariri","status":"publish","type":"post","link":"https:\/\/www.caririemacao.com\/1\/2023\/01\/24\/acidente-com-vitima-fatal-e-registrado-em-rodovia-do-cariri\/","title":{"rendered":"Acidente com v\u00edtima fatal \u00e9 registrado em rodovia do Cariri"},"content":{"rendered":"<p>Um homem identificado por Thiago, foi encontrado morto na tarde desta ter\u00e7a-feira (24), na rodovia PB-250, no trecho entre os munic\u00edpios de Ouro Velho e Prata, no Cariri paraibano. O jovem foi encontrado morto \u00e1s margens da rodovia, pr\u00f3ximo a uma fazenda.<\/p>\n<p>De acordo com informa\u00e7\u00f5es, o jovem sobrou na curva e veio a \u00f3bito. O corpo ainda se encontra no local, aguardando a chegada da per\u00edcia.<\/p>\n<p><em>Mais informa\u00e7\u00f5es em instantes<\/em><\/p>\n<p>&nbsp;<\/p>\n<p>Pol\u00edtica Parahyba<\/p>\n","protected":false},"excerpt":{"rendered":"<p>Um homem identificado por Thiago, foi encontrado morto na tarde desta ter\u00e7a-feira (24), na rodovia PB-250, no trecho entre os munic\u00edpios de Ouro Velho e&hellip; <\/p>\n","protected":false},"author":6,"featured_media":242169,"comment_status":"closed","ping_status":"closed","sticky":false,"template":"","format":"standard","meta":{"sfsi_plus_gutenberg_text_before_share":"","sfsi_plus_gutenberg_show_text_before_share":"","sfsi_plus_gutenberg_icon_type":"","sfsi_plus_gutenberg_icon_alignemt":"","sfsi_plus_gutenburg_max_per_row":"","footnotes":""},"categories":[106],"tags":[],"class_list":["post-262453","post","type-post","status-publish","format-standard","has-post-thumbnail","hentry","category-cariri"],"_links":{"self":[{"href":"https:\/\/www.caririemacao.com\/1\/wp-json\/wp\/v2\/posts\/262453","targetHints":{"allow":["GET"]}}],"collection":[{"href":"https:\/\/www.caririemacao.com\/1\/wp-json\/wp\/v2\/posts"}],"about":[{"href":"https:\/\/www.caririemacao.com\/1\/wp-json\/wp\/v2\/types\/post"}],"author":[{"embeddable":true,"href":"https:\/\/www.caririemacao.com\/1\/wp-json\/wp\/v2\/users\/6"}],"replies":[{"embeddable":true,"href":"https:\/\/www.caririemacao.com\/1\/wp-json\/wp\/v2\/comments?post=262453"}],"version-history":[{"count":1,"href":"https:\/\/www.caririemacao.com\/1\/wp-json\/wp\/v2\/posts\/262453\/revisions"}],"predecessor-version":[{"id":262454,"href":"https:\/\/www.caririemacao.com\/1\/wp-json\/wp\/v2\/posts\/262453\/revisions\/262454"}],"wp:featuredmedia":[{"embeddable":true,"href":"https:\/\/www.caririemacao.com\/1\/wp-json\/wp\/v2\/media\/242169"}],"wp:attachment":[{"href":"https:\/\/www.caririemacao.com\/1\/wp-json\/wp\/v2\/media?parent=262453"}],"wp:term":[{"taxonomy":"category","embeddable":true,"href":"https:\/\/www.caririemacao.com\/1\/wp-json\/wp\/v2\/categories?post=262453"},{"taxonomy":"post_tag","embeddable":true,"href":"https:\/\/www.caririemacao.com\/1\/wp-json\/wp\/v2\/tags?post=262453"}],"curies":[{"name":"wp","href":"https:\/\/api.w.org\/{rel}","templated":true}]}}