{"id":262594,"date":"2023-01-27T14:11:23","date_gmt":"2023-01-27T17:11:23","guid":{"rendered":"https:\/\/www.caririemacao.com\/1\/?p=262594"},"modified":"2023-01-27T14:11:23","modified_gmt":"2023-01-27T17:11:23","slug":"prefeitura-de-livramento-abre-processo-seletivo-com-mais-de-30-vagas-de-emprego-veja-o-edital","status":"publish","type":"post","link":"https:\/\/www.caririemacao.com\/1\/2023\/01\/27\/prefeitura-de-livramento-abre-processo-seletivo-com-mais-de-30-vagas-de-emprego-veja-o-edital\/","title":{"rendered":"Prefeitura de Livramento abre processo seletivo com mais de 30 vagas de emprego; Veja o edital"},"content":{"rendered":"<p>A prefeitura de Livramento, no Cariri da Para\u00edba, publicou um edital de processo seletivo com mais de 30 vagas para contrata\u00e7\u00e3o de servidores das \u00e1reas de sa\u00fade, educa\u00e7\u00e3o, assist\u00eancia social e servi\u00e7os urbanos, para cargos de n\u00edveis fundamental, m\u00e9dio, t\u00e9cnico e superior. Os sal\u00e1rios v\u00e3o de R$ 1.302,00 a R$ 13.000,00.<\/p>\n<ul>\n<li><a title=\"Veja o edital do processo seletivo\" href=\"https:\/\/www.paraibamix.com.br\/wp-content\/uploads\/2023\/01\/LIVRAMENTO-Edital-PROCESSO-SELETIVO-SIMPLIFICADO-2023-4-1.pdf\">Veja o edital do processo seletivo<\/a><\/li>\n<\/ul>\n<p>As inscri\u00e7\u00f5es podem ser feitas no formato presencial, na sede da Prefeitura com profissional do RH ou administra\u00e7\u00e3o do munic\u00edpio. Os interessados devem ser inscrever dos dias 30 de janeiro a 31 de janeiro, das 8:00hs \u00e0s 13:00hs.<\/p>\n<p>As taxas de inscri\u00e7\u00e3o custam R$ 50 para fun\u00e7\u00f5es de n\u00edveis fundamental, m\u00e9dio e t\u00e9cnico. J\u00e1 para as de superior, custam R$ 70. As inscri\u00e7\u00f5es ser\u00e3o feitas mediante o preenchimento e entrega da ficha de inscri\u00e7\u00e3o, junto com a documenta\u00e7\u00e3o comprobat\u00f3ria, descrita no edital.<\/p>\n<h2>Validade do processo seletivo<\/h2>\n<p>O prazo de validade do processo seletivo simplificado ser\u00e1 de um ano, contado da data da homologa\u00e7\u00e3o do resultado final, prorrog\u00e1vel pelo mesmo per\u00edodo.<\/p>\n<p>O resultado final da sele\u00e7\u00e3o est\u00e1 previsto para o dia 28 de fevereiro.<\/p>\n<p>&nbsp;<\/p>\n<p><strong>CARIRI EM A\u00c7\u00c3O<\/strong><\/p>\n<p>Com Para\u00edba Mix<\/p>\n","protected":false},"excerpt":{"rendered":"<p>A prefeitura de Livramento, no Cariri da Para\u00edba, publicou um edital de processo seletivo com mais de 30 vagas para contrata\u00e7\u00e3o de servidores das \u00e1reas&hellip; <\/p>\n","protected":false},"author":6,"featured_media":261882,"comment_status":"closed","ping_status":"closed","sticky":false,"template":"","format":"standard","meta":{"sfsi_plus_gutenberg_text_before_share":"","sfsi_plus_gutenberg_show_text_before_share":"","sfsi_plus_gutenberg_icon_type":"","sfsi_plus_gutenberg_icon_alignemt":"","sfsi_plus_gutenburg_max_per_row":"","footnotes":""},"categories":[80],"tags":[],"class_list":["post-262594","post","type-post","status-publish","format-standard","has-post-thumbnail","hentry","category-livramento"],"_links":{"self":[{"href":"https:\/\/www.caririemacao.com\/1\/wp-json\/wp\/v2\/posts\/262594","targetHints":{"allow":["GET"]}}],"collection":[{"href":"https:\/\/www.caririemacao.com\/1\/wp-json\/wp\/v2\/posts"}],"about":[{"href":"https:\/\/www.caririemacao.com\/1\/wp-json\/wp\/v2\/types\/post"}],"author":[{"embeddable":true,"href":"https:\/\/www.caririemacao.com\/1\/wp-json\/wp\/v2\/users\/6"}],"replies":[{"embeddable":true,"href":"https:\/\/www.caririemacao.com\/1\/wp-json\/wp\/v2\/comments?post=262594"}],"version-history":[{"count":1,"href":"https:\/\/www.caririemacao.com\/1\/wp-json\/wp\/v2\/posts\/262594\/revisions"}],"predecessor-version":[{"id":262595,"href":"https:\/\/www.caririemacao.com\/1\/wp-json\/wp\/v2\/posts\/262594\/revisions\/262595"}],"wp:featuredmedia":[{"embeddable":true,"href":"https:\/\/www.caririemacao.com\/1\/wp-json\/wp\/v2\/media\/261882"}],"wp:attachment":[{"href":"https:\/\/www.caririemacao.com\/1\/wp-json\/wp\/v2\/media?parent=262594"}],"wp:term":[{"taxonomy":"category","embeddable":true,"href":"https:\/\/www.caririemacao.com\/1\/wp-json\/wp\/v2\/categories?post=262594"},{"taxonomy":"post_tag","embeddable":true,"href":"https:\/\/www.caririemacao.com\/1\/wp-json\/wp\/v2\/tags?post=262594"}],"curies":[{"name":"wp","href":"https:\/\/api.w.org\/{rel}","templated":true}]}}