{"id":262597,"date":"2023-01-27T18:46:26","date_gmt":"2023-01-27T21:46:26","guid":{"rendered":"https:\/\/www.caririemacao.com\/1\/?p=262597"},"modified":"2023-01-27T18:46:26","modified_gmt":"2023-01-27T21:46:26","slug":"traficante-da-pb-que-morava-em-condominio-de-luxo-e-preso-com-carro-blindado-em-pe","status":"publish","type":"post","link":"https:\/\/www.caririemacao.com\/1\/2023\/01\/27\/traficante-da-pb-que-morava-em-condominio-de-luxo-e-preso-com-carro-blindado-em-pe\/","title":{"rendered":"Traficante da PB que morava em condom\u00ednio de luxo \u00e9 preso com carro blindado em PE"},"content":{"rendered":"<p>A Pol\u00edcia Civil da Para\u00edba prendeu na quinta-feira (26), um dos maiores traficantes do estado. Ele \u00e9 chefe de uma fac\u00e7\u00e3o criminosa e foi capturada em Jaboat\u00e3o dos Guararapes (PE), ap\u00f3s dez meses de investiga\u00e7\u00e3o da Delegacia de Repress\u00e3o a Entorpecentes (DRE) de Jo\u00e3o Pessoa. Foragido da justi\u00e7a, o criminoso \u00e9 condenado a 31 anos de pris\u00e3o, por v\u00e1rios crimes.<\/p>\n<p>As investiga\u00e7\u00f5es para a captura do traficante come\u00e7aram em abril de 2022 e foram realizadas em cinco fases. As primeiras a\u00e7\u00f5es foram direcionadas a uma localidade conhecida como \u201cRua da Poeira\u201d, por tr\u00e1s de um shopping no bairro de Mangabeira, na Capital. Pontos de droga localizados no bairro da Penha e no munic\u00edpio do Conde tamb\u00e9m foram alvos das investiga\u00e7\u00f5es, durante esses dez meses de trabalho investigativo para capturar o traficante.<\/p>\n<p>Ap\u00f3s v\u00e1rios levantamentos, os investigadores da DRE descobriram o endere\u00e7o onde o foragido estava morando, em Jaboat\u00e3o. De acordo com o delegado Aldrovilli Grisi, as cinco fases da opera\u00e7\u00e3o resultaram em 14 mandados de busca e apreens\u00e3o, seis mandados de pris\u00e3o e nove pris\u00f5es em flagrante.<\/p>\n<p>\u201cTodas essas a\u00e7\u00f5es policiais tinham o objetivo final de localizar e prender esse criminoso de hoje, que era o principal chefe da fac\u00e7\u00e3o criminosa em liberdade. Essa pris\u00e3o, inevitavelmente, impacta consideravelmente nas estruturas dessa quadrilha\u201d, disse o delegado.<\/p>\n<p><strong>Luxo e carro blindado<\/strong><\/p>\n<p>Os investigadores da DRE j\u00e1 estavam em Pernambuco h\u00e1 uma semana. Nessa quinta-feira (26), eles surpreenderam o traficante na sa\u00edda de uma academia de luxo, na regi\u00e3o metropolitana de Recife (PE). A delegada Viviane Magalh\u00e3es informou que o traficante residia em um condom\u00ednio luxuoso em Pernambuco, de frente para o mar, e nem mesmo a fam\u00edlia do foragido sabia desse endere\u00e7o.<\/p>\n<p>\u201cEle se espantou com as nossas equipes, ao ouvir voz pris\u00e3o em um lugar onde sequer familiares pr\u00f3ximos seus conheciam. \u00c9, sem d\u00favidas, uma das mais importantes pris\u00f5es dos \u00faltimos anos para a seguran\u00e7a p\u00fablica da Para\u00edba, considerando-se o poder econ\u00f4mico e de influ\u00eancia desse alvo. Inclusive, ele estava em um carro blindado quando foi preso\u201d, destacou Viviane.<\/p>\n<p>O traficante ser\u00e1 encaminhado ao sistema penitenci\u00e1rio, onde ficar\u00e1 \u00e0 disposi\u00e7\u00e3o da justi\u00e7a. A Pol\u00edcia Civil continua investigando outros membros da fac\u00e7\u00e3o criminosa, muitos j\u00e1 identificados.<\/p>\n<p>&nbsp;<\/p>\n<p>MaisPB<\/p>\n","protected":false},"excerpt":{"rendered":"<p>A Pol\u00edcia Civil da Para\u00edba prendeu na quinta-feira (26), um dos maiores traficantes do estado. Ele \u00e9 chefe de uma fac\u00e7\u00e3o criminosa e foi capturada&hellip; <\/p>\n","protected":false},"author":6,"featured_media":255647,"comment_status":"closed","ping_status":"closed","sticky":false,"template":"","format":"standard","meta":{"sfsi_plus_gutenberg_text_before_share":"","sfsi_plus_gutenberg_show_text_before_share":"","sfsi_plus_gutenberg_icon_type":"","sfsi_plus_gutenberg_icon_alignemt":"","sfsi_plus_gutenburg_max_per_row":"","footnotes":""},"categories":[1],"tags":[],"class_list":["post-262597","post","type-post","status-publish","format-standard","has-post-thumbnail","hentry","category-o-site"],"_links":{"self":[{"href":"https:\/\/www.caririemacao.com\/1\/wp-json\/wp\/v2\/posts\/262597","targetHints":{"allow":["GET"]}}],"collection":[{"href":"https:\/\/www.caririemacao.com\/1\/wp-json\/wp\/v2\/posts"}],"about":[{"href":"https:\/\/www.caririemacao.com\/1\/wp-json\/wp\/v2\/types\/post"}],"author":[{"embeddable":true,"href":"https:\/\/www.caririemacao.com\/1\/wp-json\/wp\/v2\/users\/6"}],"replies":[{"embeddable":true,"href":"https:\/\/www.caririemacao.com\/1\/wp-json\/wp\/v2\/comments?post=262597"}],"version-history":[{"count":1,"href":"https:\/\/www.caririemacao.com\/1\/wp-json\/wp\/v2\/posts\/262597\/revisions"}],"predecessor-version":[{"id":262598,"href":"https:\/\/www.caririemacao.com\/1\/wp-json\/wp\/v2\/posts\/262597\/revisions\/262598"}],"wp:featuredmedia":[{"embeddable":true,"href":"https:\/\/www.caririemacao.com\/1\/wp-json\/wp\/v2\/media\/255647"}],"wp:attachment":[{"href":"https:\/\/www.caririemacao.com\/1\/wp-json\/wp\/v2\/media?parent=262597"}],"wp:term":[{"taxonomy":"category","embeddable":true,"href":"https:\/\/www.caririemacao.com\/1\/wp-json\/wp\/v2\/categories?post=262597"},{"taxonomy":"post_tag","embeddable":true,"href":"https:\/\/www.caririemacao.com\/1\/wp-json\/wp\/v2\/tags?post=262597"}],"curies":[{"name":"wp","href":"https:\/\/api.w.org\/{rel}","templated":true}]}}