{"id":262599,"date":"2023-01-27T18:48:13","date_gmt":"2023-01-27T21:48:13","guid":{"rendered":"https:\/\/www.caririemacao.com\/1\/?p=262599"},"modified":"2023-01-27T18:48:13","modified_gmt":"2023-01-27T21:48:13","slug":"nomeacao-de-bolsonarista-para-superintendencia-do-correios-na-pb-gera-polemica","status":"publish","type":"post","link":"https:\/\/www.caririemacao.com\/1\/2023\/01\/27\/nomeacao-de-bolsonarista-para-superintendencia-do-correios-na-pb-gera-polemica\/","title":{"rendered":"Nomea\u00e7\u00e3o de bolsonarista para superintend\u00eancia do Correios na PB gera pol\u00eamica"},"content":{"rendered":"<p>A nomea\u00e7\u00e3o do novo superintendente estadual dos Correios na Para\u00edba tem gerado pol\u00eamica. Jackson Silva Henrique, servidor da empresa que at\u00e9 ent\u00e3o atuava como gerente de Regi\u00e3o de Atendimento em Campina Grande, e antes disso como carteiro, foi nomeado para dirigir a empresa.<\/p>\n<p>O problema \u00e9 que Jackson Silva seria um apoiador do ex-presidente Jair Bolsonaro (PL) e teria participado, inclusive, de manifesta\u00e7\u00f5es contra a elei\u00e7\u00e3o do presidente Lula (PT) no quartel do Ex\u00e9rcito em Campina Grande.<\/p>\n<p>De acordo com o presidente estadual do PT, Jackson Mac\u00eado, a indica\u00e7\u00e3o teria sido do senador eleito Efraim Filho (Uni\u00e3o Brasil). O dirigente acredita que \u00e9 importante trazer senadores e deputados de outros espectros pol\u00edticos para ajudar na governabilidade, mas \u00e9 preciso um filtro para evitar nomea\u00e7\u00f5es de bolsonaristas da \u201clinha de frente\u201d.<\/p>\n<p>\u201cTem que ter um filtro. N\u00f3s n\u00e3o podemos aceitar que figuras de proa, bolsonaristas de linha de frente, que acamparam na frente de quartel, que ajudaram financeiramente atos golpistas, que participem desse governo porque a\u00ed \u00e9 uma contradi\u00e7\u00e3o pol\u00edtica. A amplia\u00e7\u00e3o dessa base \u00e9 importante, trazer deputados e senadores para a nossa base, para garantir a governabilidade \u00e9 importante, mas n\u00e3o podemos aceitar que n\u00e3o tenha um filtro m\u00ednimo nessas indica\u00e7\u00f5es\u201d, observou em entrevista \u00e0 R\u00e1dio Arapuan FM.<\/p>\n<p>Efraim negou que a indica\u00e7\u00e3o tenha sido sua, mas sim do Uni\u00e3o Brasil e lembrou que o partido comanda o Minist\u00e9rio de Telecomunica\u00e7\u00f5es do governo do presidente Lula (PT).<\/p>\n","protected":false},"excerpt":{"rendered":"<p>A nomea\u00e7\u00e3o do novo superintendente estadual dos Correios na Para\u00edba tem gerado pol\u00eamica. Jackson Silva Henrique, servidor da empresa que at\u00e9 ent\u00e3o atuava como gerente&hellip; <\/p>\n","protected":false},"author":6,"featured_media":262600,"comment_status":"closed","ping_status":"closed","sticky":false,"template":"","format":"standard","meta":{"sfsi_plus_gutenberg_text_before_share":"","sfsi_plus_gutenberg_show_text_before_share":"","sfsi_plus_gutenberg_icon_type":"","sfsi_plus_gutenberg_icon_alignemt":"","sfsi_plus_gutenburg_max_per_row":"","footnotes":""},"categories":[1],"tags":[],"class_list":["post-262599","post","type-post","status-publish","format-standard","has-post-thumbnail","hentry","category-o-site"],"_links":{"self":[{"href":"https:\/\/www.caririemacao.com\/1\/wp-json\/wp\/v2\/posts\/262599","targetHints":{"allow":["GET"]}}],"collection":[{"href":"https:\/\/www.caririemacao.com\/1\/wp-json\/wp\/v2\/posts"}],"about":[{"href":"https:\/\/www.caririemacao.com\/1\/wp-json\/wp\/v2\/types\/post"}],"author":[{"embeddable":true,"href":"https:\/\/www.caririemacao.com\/1\/wp-json\/wp\/v2\/users\/6"}],"replies":[{"embeddable":true,"href":"https:\/\/www.caririemacao.com\/1\/wp-json\/wp\/v2\/comments?post=262599"}],"version-history":[{"count":1,"href":"https:\/\/www.caririemacao.com\/1\/wp-json\/wp\/v2\/posts\/262599\/revisions"}],"predecessor-version":[{"id":262601,"href":"https:\/\/www.caririemacao.com\/1\/wp-json\/wp\/v2\/posts\/262599\/revisions\/262601"}],"wp:featuredmedia":[{"embeddable":true,"href":"https:\/\/www.caririemacao.com\/1\/wp-json\/wp\/v2\/media\/262600"}],"wp:attachment":[{"href":"https:\/\/www.caririemacao.com\/1\/wp-json\/wp\/v2\/media?parent=262599"}],"wp:term":[{"taxonomy":"category","embeddable":true,"href":"https:\/\/www.caririemacao.com\/1\/wp-json\/wp\/v2\/categories?post=262599"},{"taxonomy":"post_tag","embeddable":true,"href":"https:\/\/www.caririemacao.com\/1\/wp-json\/wp\/v2\/tags?post=262599"}],"curies":[{"name":"wp","href":"https:\/\/api.w.org\/{rel}","templated":true}]}}