{"id":262602,"date":"2023-01-27T18:49:41","date_gmt":"2023-01-27T21:49:41","guid":{"rendered":"https:\/\/www.caririemacao.com\/1\/?p=262602"},"modified":"2023-01-27T18:49:41","modified_gmt":"2023-01-27T21:49:41","slug":"deputado-wilson-filho-comemora-inicio-das-obras-da-travessia-urbana-de-gurjao-mais-um-compromisso-cumprido","status":"publish","type":"post","link":"https:\/\/www.caririemacao.com\/1\/2023\/01\/27\/deputado-wilson-filho-comemora-inicio-das-obras-da-travessia-urbana-de-gurjao-mais-um-compromisso-cumprido\/","title":{"rendered":"Deputado Wilson Filho comemora in\u00edcio das obras da travessia urbana de Gurj\u00e3o: \u201cMais um compromisso cumprido\u201d"},"content":{"rendered":"<p>Mais uma importante obra do Governo da Para\u00edba teve in\u00edcio nesta sexta-feira (27), em Gurj\u00e3o. Trata-se das obras da travessia urbana, que j\u00e1 est\u00e3o a todo vapor. A not\u00edcia foi recebida com alegria pelo deputado estadual Wilson Filho (Republicanos) , que comemorou a conquista: \u201cMais um compromisso cumprido\u201d.<\/p>\n<p>A obra teve in\u00edcio pela Rua Alfredo Teixeira de Freitas e ir\u00e1 se estender por v\u00e1rias ruas, finalizando no in\u00edcio da rodovia PB-176, que liga as cidades de Gurj\u00e3o e Soledade. O investimento \u00e9 superior a R$ 1,2 milh\u00e3o.<\/p>\n<p>\u201cHoje \u00e9 dia de celebrar o in\u00edcio dessa importante obra que ir\u00e1 mudar a infraestrutura da cidade e melhorar a mobilidade urbana. \u00c9 mais um compromisso nosso, do governador Jo\u00e3o Azev\u00eado e todos que contribu\u00edram para a concretiza\u00e7\u00e3o dessa a\u00e7\u00e3o. Agrade\u00e7o a todos de Gurj\u00e3o pela expressiva vota\u00e7\u00e3o e reafirmo o nosso objetivo de retribuir toda a aten\u00e7\u00e3o com muito trabalho para o munic\u00edpio, ao lado do prefeito Z\u00e9 Elias e todo o grupo\u201d, disse o deputado Wilson Filho.<\/p>\n<p>O deputado ainda lembrou que nos pr\u00f3ximos dias outra grande obra ter\u00e1 in\u00edcio, a t\u00e3o sonhada pavimenta\u00e7\u00e3o asf\u00e1ltica da PB-176, que liga as cidades de Gurj\u00e3o e Soledade. \u201cEste ser\u00e1 mais um sonho da popula\u00e7\u00e3o que ser\u00e1 realizado e nos orgulha ter feito parte desse sonho\u201d, acrescentou.<\/p>\n<p>O prefeito do munic\u00edpio, Z\u00e9 Elias, agradeceu pela obra da travessia urbana. \u201cS\u00f3 tenho a agradecer ao governador Jo\u00e3o Azev\u00eado, ao deputado Wilson Filho e todos que contribu\u00edram para que as ruas de Gurj\u00e3o possam agora contar com uma melhor estrutura, uma obra que ir\u00e1 beneficiar diretamente toda a popula\u00e7\u00e3o e deixar\u00e1 a cidade mais bonita\u201c, concluiu.<\/p>\n","protected":false},"excerpt":{"rendered":"<p>Mais uma importante obra do Governo da Para\u00edba teve in\u00edcio nesta sexta-feira (27), em Gurj\u00e3o. Trata-se das obras da travessia urbana, que j\u00e1 est\u00e3o a&hellip; <\/p>\n","protected":false},"author":6,"featured_media":262603,"comment_status":"closed","ping_status":"closed","sticky":false,"template":"","format":"standard","meta":{"sfsi_plus_gutenberg_text_before_share":"","sfsi_plus_gutenberg_show_text_before_share":"","sfsi_plus_gutenberg_icon_type":"","sfsi_plus_gutenberg_icon_alignemt":"","sfsi_plus_gutenburg_max_per_row":"","footnotes":""},"categories":[77],"tags":[],"class_list":["post-262602","post","type-post","status-publish","format-standard","has-post-thumbnail","hentry","category-gurjao"],"_links":{"self":[{"href":"https:\/\/www.caririemacao.com\/1\/wp-json\/wp\/v2\/posts\/262602","targetHints":{"allow":["GET"]}}],"collection":[{"href":"https:\/\/www.caririemacao.com\/1\/wp-json\/wp\/v2\/posts"}],"about":[{"href":"https:\/\/www.caririemacao.com\/1\/wp-json\/wp\/v2\/types\/post"}],"author":[{"embeddable":true,"href":"https:\/\/www.caririemacao.com\/1\/wp-json\/wp\/v2\/users\/6"}],"replies":[{"embeddable":true,"href":"https:\/\/www.caririemacao.com\/1\/wp-json\/wp\/v2\/comments?post=262602"}],"version-history":[{"count":1,"href":"https:\/\/www.caririemacao.com\/1\/wp-json\/wp\/v2\/posts\/262602\/revisions"}],"predecessor-version":[{"id":262604,"href":"https:\/\/www.caririemacao.com\/1\/wp-json\/wp\/v2\/posts\/262602\/revisions\/262604"}],"wp:featuredmedia":[{"embeddable":true,"href":"https:\/\/www.caririemacao.com\/1\/wp-json\/wp\/v2\/media\/262603"}],"wp:attachment":[{"href":"https:\/\/www.caririemacao.com\/1\/wp-json\/wp\/v2\/media?parent=262602"}],"wp:term":[{"taxonomy":"category","embeddable":true,"href":"https:\/\/www.caririemacao.com\/1\/wp-json\/wp\/v2\/categories?post=262602"},{"taxonomy":"post_tag","embeddable":true,"href":"https:\/\/www.caririemacao.com\/1\/wp-json\/wp\/v2\/tags?post=262602"}],"curies":[{"name":"wp","href":"https:\/\/api.w.org\/{rel}","templated":true}]}}