{"id":262605,"date":"2023-01-27T18:51:12","date_gmt":"2023-01-27T21:51:12","guid":{"rendered":"https:\/\/www.caririemacao.com\/1\/?p=262605"},"modified":"2023-01-27T18:51:26","modified_gmt":"2023-01-27T21:51:26","slug":"preco-do-gas-de-cozinha-sera-reajustado-a-partir-do-dia-1o-de-fevereiro-e-pode-passar-de-r-120-na-paraiba","status":"publish","type":"post","link":"https:\/\/www.caririemacao.com\/1\/2023\/01\/27\/preco-do-gas-de-cozinha-sera-reajustado-a-partir-do-dia-1o-de-fevereiro-e-pode-passar-de-r-120-na-paraiba\/","title":{"rendered":"Pre\u00e7o do g\u00e1s de cozinha ser\u00e1 reajustado a partir do dia 1\u00ba de fevereiro e pode passar de R$ 120 na Para\u00edba"},"content":{"rendered":"<p>O pre\u00e7o do g\u00e1s de cozinha ser\u00e1 reajustado a partir do dia 1\u00ba de fevereiro e pode\u00a0 passar de R$ 120 na Para\u00edba. Como apurou a reportagem, esse \u00e9 o segundo reajuste em menos de um m\u00eas.<\/p>\n<p>Ele disse ainda que o aumento est\u00e1 baseado no Pre\u00e7o M\u00e9dio Ponderado do Consumidor (PMPF). Segundo ele, o Governo do Estado entendeu que houve majora\u00e7\u00e3o no faturamento e, por isso, o Governo cobra esse imposto que chamado de PMPF.<\/p>\n<p>\u201cHouve repasse no aumento do Pre\u00e7o M\u00e9dio Ponderado\u00a0(PMPF) e o impacto pode chegar at\u00e9 R$ 2,00 na Para\u00edba. Esse \u00e9 um imposto cobrado pelo Governo do Estado que insere o\u00a0imposto resultado da majora\u00e7\u00e3o aos revendedores. O novo valor ser\u00e1 aplicado a partir do dia 1\u00ba de fevereiro\u201d, disse.<\/p>\n<p>O aumento ter\u00e1 um impacto que poder\u00e1 variar entre R$ 1,60 at\u00e9 R$ 2,00. \u201cIsso \u00e9 p\u00e9ssimo, pois quanto mais sobe o pre\u00e7o, menos sa\u00edda ele tem. Quanto mais sobre, mais as vendas caem. O faturamento vai l\u00e1 para baixo e isso significa fechar no vermelho\u201d, criticou o sindicalista.<\/p>\n<p>&nbsp;<\/p>\n<p><strong>CARIRI EM A\u00c7\u00c3O<\/strong><\/p>\n<p><em>Click PB\u00a0<\/em><\/p>\n","protected":false},"excerpt":{"rendered":"<p>O pre\u00e7o do g\u00e1s de cozinha ser\u00e1 reajustado a partir do dia 1\u00ba de fevereiro e pode\u00a0 passar de R$ 120 na Para\u00edba. Como apurou&hellip; <\/p>\n","protected":false},"author":6,"featured_media":259701,"comment_status":"closed","ping_status":"closed","sticky":false,"template":"","format":"standard","meta":{"sfsi_plus_gutenberg_text_before_share":"","sfsi_plus_gutenberg_show_text_before_share":"","sfsi_plus_gutenberg_icon_type":"","sfsi_plus_gutenberg_icon_alignemt":"","sfsi_plus_gutenburg_max_per_row":"","footnotes":""},"categories":[1],"tags":[],"class_list":["post-262605","post","type-post","status-publish","format-standard","has-post-thumbnail","hentry","category-o-site"],"_links":{"self":[{"href":"https:\/\/www.caririemacao.com\/1\/wp-json\/wp\/v2\/posts\/262605","targetHints":{"allow":["GET"]}}],"collection":[{"href":"https:\/\/www.caririemacao.com\/1\/wp-json\/wp\/v2\/posts"}],"about":[{"href":"https:\/\/www.caririemacao.com\/1\/wp-json\/wp\/v2\/types\/post"}],"author":[{"embeddable":true,"href":"https:\/\/www.caririemacao.com\/1\/wp-json\/wp\/v2\/users\/6"}],"replies":[{"embeddable":true,"href":"https:\/\/www.caririemacao.com\/1\/wp-json\/wp\/v2\/comments?post=262605"}],"version-history":[{"count":2,"href":"https:\/\/www.caririemacao.com\/1\/wp-json\/wp\/v2\/posts\/262605\/revisions"}],"predecessor-version":[{"id":262607,"href":"https:\/\/www.caririemacao.com\/1\/wp-json\/wp\/v2\/posts\/262605\/revisions\/262607"}],"wp:featuredmedia":[{"embeddable":true,"href":"https:\/\/www.caririemacao.com\/1\/wp-json\/wp\/v2\/media\/259701"}],"wp:attachment":[{"href":"https:\/\/www.caririemacao.com\/1\/wp-json\/wp\/v2\/media?parent=262605"}],"wp:term":[{"taxonomy":"category","embeddable":true,"href":"https:\/\/www.caririemacao.com\/1\/wp-json\/wp\/v2\/categories?post=262605"},{"taxonomy":"post_tag","embeddable":true,"href":"https:\/\/www.caririemacao.com\/1\/wp-json\/wp\/v2\/tags?post=262605"}],"curies":[{"name":"wp","href":"https:\/\/api.w.org\/{rel}","templated":true}]}}