{"id":262611,"date":"2023-01-28T10:16:15","date_gmt":"2023-01-28T13:16:15","guid":{"rendered":"https:\/\/www.caririemacao.com\/1\/?p=262611"},"modified":"2023-01-28T10:16:15","modified_gmt":"2023-01-28T13:16:15","slug":"moraes-envia-para-procuradoria-geral-da-republica-pedido-para-suspender-posse-de-walber-virgolino-e-outros-deputados-bolsonaristas","status":"publish","type":"post","link":"https:\/\/www.caririemacao.com\/1\/2023\/01\/28\/moraes-envia-para-procuradoria-geral-da-republica-pedido-para-suspender-posse-de-walber-virgolino-e-outros-deputados-bolsonaristas\/","title":{"rendered":"Moraes envia para Procuradoria-Geral da Rep\u00fablica pedido para suspender posse de Walber Virgolino e outros deputados bolsonaristas"},"content":{"rendered":"<header class=\"pg-newDetail__header\">\n<div class=\"gs-container\">\n<div class=\"pg-newDetail__header__content\">\n<p class=\"pg-newDetail__resume\"><em><strong>Segundo a imprensa nacional, Alexandre deu prazo de 24 horas para que a PGR apresente manifesta\u00e7\u00e3o sobre o caso.<\/strong><\/em><\/p>\n<\/div>\n<\/div>\n<\/header>\n<div class=\"pg-newDetail__main gs-container\">\n<p>O ministro Alexandre de Moraes, do Supremo Tribunal Federal (STF), encaminhou ontem (27) para\u00a0an\u00e1lise da Procuradoria-Geral da Rep\u00fablica (PGR) um pedido de advogados para que a corte\u00a0suspenda a posse e apure eventuais a\u00e7\u00f5es de deputados bolsonaristas nos atos golpistas de 8 de janeiro. Conforme trouxe o ClickPB, entre os deputados citados est\u00e1 o paraibano Walber VIrgolino (PL).<\/p>\n<p>Segundo a imprensa nacional, Alexandre\u00a0deu prazo de 24 horas para que a PGR apresente manifesta\u00e7\u00e3o sobre o caso.\u00a0 O encaminhamento do pedido \u00e0 PGR faz parte do ritual do processo e est\u00e1 previsto nas regras da corte. De acordo com a Constitui\u00e7\u00e3o Federal, cabe ao Minist\u00e9rio P\u00fablico Federal avaliar se prop\u00f5e investiga\u00e7\u00f5es e den\u00fancias na \u00e1rea criminal e a\u00e7\u00f5es na \u00e1rea eleitoral, se detectar ind\u00edcios de irregularidades.A posse dos deputados est\u00e1 marcada para a pr\u00f3xima quarta-feira (1\u00ba).<\/p>\n<p><strong>Sobre a a\u00e7\u00e3o<\/strong><\/p>\n<p>A iniciativa \u00e9 dos advogados Marco Aur\u00e9lio de Carvalho, Fabiano Silva dos Santos e Pedro Serrano, do grupo Prerrogativas.\u00a0A articula\u00e7\u00e3o, integrada por juristas, advogados e defensores p\u00fablicos, cita publica\u00e7\u00f5es e manifesta\u00e7\u00f5es de autoria de Carlos Jordy (PL-RJ), Silvia Wai\u00e3pi (PL-AP), Andr\u00e9 Fernandes (PL-CE), Nikolas Ferreira (PL-MG), Sargento Rodrigues (PL-MG) e Walber Virgolino (PL-PB) em que os parlamentares eleitos supostamente endossam os ataques \u00e0s sedes dos Tr\u00eas Poderes, em Bras\u00edlia.<\/p>\n<p>&#8220;N\u00e3o \u00e9 aceit\u00e1vel ou imagin\u00e1vel que pessoas que tenham sido eleitas como representantes do povo em um regime democr\u00e1tico, por meio de elei\u00e7\u00e3o livre, possam apoiar, incentivar e mesmo participar de atos que atentem contra o Estado democr\u00e1tico de Direito&#8221;, afirmam os advogados ao TSE.<\/p>\n<p>&#8220;O apoio p\u00fablico a atos atentat\u00f3rios ao regime democr\u00e1tico configura, de maneira clara e direta, comportamento incompat\u00edvel com o decoro parlamentar&#8221;, dizem ainda.<\/p>\n<p>Os signat\u00e1rios da peti\u00e7\u00e3o destacam uma decis\u00e3o do presidente da corte eleitoral, Alexandre de Moraes, em que o ministro afirma que todos os envolvidos nos ataques golpistas ser\u00e3o responsabilizados.<\/p>\n<p>FONTE: Click PB<\/p>\n<\/div>\n","protected":false},"excerpt":{"rendered":"<p>Segundo a imprensa nacional, Alexandre deu prazo de 24 horas para que a PGR apresente manifesta\u00e7\u00e3o sobre o caso. O ministro Alexandre de Moraes, do&hellip; <\/p>\n","protected":false},"author":6,"featured_media":262612,"comment_status":"closed","ping_status":"closed","sticky":false,"template":"","format":"standard","meta":{"sfsi_plus_gutenberg_text_before_share":"","sfsi_plus_gutenberg_show_text_before_share":"","sfsi_plus_gutenberg_icon_type":"","sfsi_plus_gutenberg_icon_alignemt":"","sfsi_plus_gutenburg_max_per_row":"","footnotes":""},"categories":[50],"tags":[],"class_list":["post-262611","post","type-post","status-publish","format-standard","has-post-thumbnail","hentry","category-destaque"],"_links":{"self":[{"href":"https:\/\/www.caririemacao.com\/1\/wp-json\/wp\/v2\/posts\/262611","targetHints":{"allow":["GET"]}}],"collection":[{"href":"https:\/\/www.caririemacao.com\/1\/wp-json\/wp\/v2\/posts"}],"about":[{"href":"https:\/\/www.caririemacao.com\/1\/wp-json\/wp\/v2\/types\/post"}],"author":[{"embeddable":true,"href":"https:\/\/www.caririemacao.com\/1\/wp-json\/wp\/v2\/users\/6"}],"replies":[{"embeddable":true,"href":"https:\/\/www.caririemacao.com\/1\/wp-json\/wp\/v2\/comments?post=262611"}],"version-history":[{"count":1,"href":"https:\/\/www.caririemacao.com\/1\/wp-json\/wp\/v2\/posts\/262611\/revisions"}],"predecessor-version":[{"id":262613,"href":"https:\/\/www.caririemacao.com\/1\/wp-json\/wp\/v2\/posts\/262611\/revisions\/262613"}],"wp:featuredmedia":[{"embeddable":true,"href":"https:\/\/www.caririemacao.com\/1\/wp-json\/wp\/v2\/media\/262612"}],"wp:attachment":[{"href":"https:\/\/www.caririemacao.com\/1\/wp-json\/wp\/v2\/media?parent=262611"}],"wp:term":[{"taxonomy":"category","embeddable":true,"href":"https:\/\/www.caririemacao.com\/1\/wp-json\/wp\/v2\/categories?post=262611"},{"taxonomy":"post_tag","embeddable":true,"href":"https:\/\/www.caririemacao.com\/1\/wp-json\/wp\/v2\/tags?post=262611"}],"curies":[{"name":"wp","href":"https:\/\/api.w.org\/{rel}","templated":true}]}}