{"id":262622,"date":"2023-01-28T11:42:07","date_gmt":"2023-01-28T14:42:07","guid":{"rendered":"https:\/\/www.caririemacao.com\/1\/?p=262622"},"modified":"2023-01-28T11:42:07","modified_gmt":"2023-01-28T14:42:07","slug":"prefeito-marcio-leite-anuncia-reajuste-salarial-de-1500-para-professores-do-magisterio-neste-mes-de-janeiro","status":"publish","type":"post","link":"https:\/\/www.caririemacao.com\/1\/2023\/01\/28\/prefeito-marcio-leite-anuncia-reajuste-salarial-de-1500-para-professores-do-magisterio-neste-mes-de-janeiro\/","title":{"rendered":"Prefeito M\u00e1rcio Leite anuncia reajuste salarial de 15,00% para Professores do Magist\u00e9rio neste m\u00eas de janeiro"},"content":{"rendered":"<p>Com uma pol\u00edtica p\u00fablica de valoriza\u00e7\u00e3o da educa\u00e7\u00e3o e de seus profissionais, a Prefeitura de S\u00e3o Jo\u00e3o do Tigre, por meio da Secretaria Municipal de Educa\u00e7\u00e3o, garantiu integralmente o reajuste aos professores do magist\u00e9rio no munic\u00edpio.<\/p>\n<div class=\"separator\">O prefeito M\u00e1rcio Leite anunciou o reajuste nos sal\u00e1rios dos professores do magist\u00e9rio de 15,00%, e ser\u00e1 concedido aos servidores e j\u00e1 ir\u00e3o receber o m\u00eas de janeiro com aumento.<\/div>\n<p>O prefeito M\u00e1rcio Leite agradeceu o empenho dos vereadores na aprova\u00e7\u00e3o do projeto de lei que concederam o reajuste e a implanta\u00e7\u00e3o do Piso Nacional do Magist\u00e9rio.<\/p>\n<p>\u201cPortanto, nada mais justo do que esse reconhecimento a essa categoria que tanto contribuiu para o desenvolvimento educacional do nosso munic\u00edpio\u201d, concluiu o prefeito.<\/p>\n","protected":false},"excerpt":{"rendered":"<p>Com uma pol\u00edtica p\u00fablica de valoriza\u00e7\u00e3o da educa\u00e7\u00e3o e de seus profissionais, a Prefeitura de S\u00e3o Jo\u00e3o do Tigre, por meio da Secretaria Municipal de&hellip; <\/p>\n","protected":false},"author":6,"featured_media":261523,"comment_status":"closed","ping_status":"closed","sticky":false,"template":"","format":"standard","meta":{"sfsi_plus_gutenberg_text_before_share":"","sfsi_plus_gutenberg_show_text_before_share":"","sfsi_plus_gutenberg_icon_type":"","sfsi_plus_gutenberg_icon_alignemt":"","sfsi_plus_gutenburg_max_per_row":"","footnotes":""},"categories":[89],"tags":[],"class_list":["post-262622","post","type-post","status-publish","format-standard","has-post-thumbnail","hentry","category-sao-joao-do-tigre"],"_links":{"self":[{"href":"https:\/\/www.caririemacao.com\/1\/wp-json\/wp\/v2\/posts\/262622","targetHints":{"allow":["GET"]}}],"collection":[{"href":"https:\/\/www.caririemacao.com\/1\/wp-json\/wp\/v2\/posts"}],"about":[{"href":"https:\/\/www.caririemacao.com\/1\/wp-json\/wp\/v2\/types\/post"}],"author":[{"embeddable":true,"href":"https:\/\/www.caririemacao.com\/1\/wp-json\/wp\/v2\/users\/6"}],"replies":[{"embeddable":true,"href":"https:\/\/www.caririemacao.com\/1\/wp-json\/wp\/v2\/comments?post=262622"}],"version-history":[{"count":1,"href":"https:\/\/www.caririemacao.com\/1\/wp-json\/wp\/v2\/posts\/262622\/revisions"}],"predecessor-version":[{"id":262623,"href":"https:\/\/www.caririemacao.com\/1\/wp-json\/wp\/v2\/posts\/262622\/revisions\/262623"}],"wp:featuredmedia":[{"embeddable":true,"href":"https:\/\/www.caririemacao.com\/1\/wp-json\/wp\/v2\/media\/261523"}],"wp:attachment":[{"href":"https:\/\/www.caririemacao.com\/1\/wp-json\/wp\/v2\/media?parent=262622"}],"wp:term":[{"taxonomy":"category","embeddable":true,"href":"https:\/\/www.caririemacao.com\/1\/wp-json\/wp\/v2\/categories?post=262622"},{"taxonomy":"post_tag","embeddable":true,"href":"https:\/\/www.caririemacao.com\/1\/wp-json\/wp\/v2\/tags?post=262622"}],"curies":[{"name":"wp","href":"https:\/\/api.w.org\/{rel}","templated":true}]}}