{"id":262630,"date":"2023-01-28T18:37:30","date_gmt":"2023-01-28T21:37:30","guid":{"rendered":"https:\/\/www.caririemacao.com\/1\/?p=262630"},"modified":"2023-01-28T18:37:30","modified_gmt":"2023-01-28T21:37:30","slug":"ruas-da-cidade-de-santo-andre-sao-pavimentadas-e-prefeito-comemora","status":"publish","type":"post","link":"https:\/\/www.caririemacao.com\/1\/2023\/01\/28\/ruas-da-cidade-de-santo-andre-sao-pavimentadas-e-prefeito-comemora\/","title":{"rendered":"Ruas da cidade de Santo Andr\u00e9 s\u00e3o pavimentadas e prefeito comemora"},"content":{"rendered":"<p>As principais ruas da regi\u00e3o central da cidade de Santo Andr\u00e9, no Cariri da Para\u00edba, receberam pavimenta\u00e7\u00e3o asf\u00e1ltica, atrav\u00e9s do Programa Travessias Urbanas.<\/p>\n<p>Vale salientar que o asfaltamento s\u00f3 se concretizou gra\u00e7as a perspic\u00e1cia do atual prefeito, Edglei Amorim (Progressistas), que fez um \u00f3timo trabalho de articula\u00e7\u00e3o junto ao Governo do Estado.<\/p>\n<p>S\u00f3 por causa desse trabalho do gestor junto ao atual governador, Jo\u00e3o Azev\u00eado (PSB), foi poss\u00edvel que Santo Andr\u00e9 recebesse o benef\u00edcio.<\/p>\n<p>Com isso, as principais ruas da cidade receberam o asfalto, deixando Santo Andr\u00e9 bem mais moderno e com ar progressista.<\/p>\n<p>\u00c9 vis\u00edvel a satisfa\u00e7\u00e3o da popula\u00e7\u00e3o com a interven\u00e7\u00e3o nas ruas da cidade.<\/p>\n<p>Ao comentar a chegada da asfalto, o prefeito se disse muito satisfeito e agradeceu ao Governo do Estado por ter beneficiado Santo Andr\u00e9.<\/p>\n<p>Edglei afirma que o governador \u00e9 um homem de palavra e que trabalha com afinco para promover o desenvolvimento do interior da Para\u00edba.<\/p>\n<p>Os trabalhos do Programa Travessias Urbanas est\u00e3o em fase de conclus\u00e3o na cidade caririzeira.<\/p>\n<p><img fetchpriority=\"high\" decoding=\"async\" src=\"https:\/\/helenolima.com\/envios\/2023\/01\/28\/1603d9f279abcfc85c772d5ba7f1bcc04f68d57b.jpg\" width=\"720\" height=\"1280\" \/><\/p>\n<p><img decoding=\"async\" data-src=\"https:\/\/helenolima.com\/envios\/2023\/01\/28\/15300a0430c3aa972d5fe9477a3a5b03434125e8.jpg\" width=\"720\" height=\"1280\" src=\"data:image\/svg+xml;base64,PHN2ZyB3aWR0aD0iMSIgaGVpZ2h0PSIxIiB4bWxucz0iaHR0cDovL3d3dy53My5vcmcvMjAwMC9zdmciPjwvc3ZnPg==\" class=\"lazyload\" style=\"--smush-placeholder-width: 720px; --smush-placeholder-aspect-ratio: 720\/1280;\" \/><\/p>\n<p><img decoding=\"async\" data-src=\"https:\/\/helenolima.com\/envios\/2023\/01\/28\/d15ee9c2722f3141dc093a61f0927bc5d37341c4.jpg\" width=\"720\" height=\"1280\" src=\"data:image\/svg+xml;base64,PHN2ZyB3aWR0aD0iMSIgaGVpZ2h0PSIxIiB4bWxucz0iaHR0cDovL3d3dy53My5vcmcvMjAwMC9zdmciPjwvc3ZnPg==\" class=\"lazyload\" style=\"--smush-placeholder-width: 720px; --smush-placeholder-aspect-ratio: 720\/1280;\" \/><\/p>\n<p>&nbsp;<\/p>\n<p><strong>CARIRI EM A\u00c7\u00c3O<\/strong><\/p>\n<p>Com Heleno Lima<\/p>\n","protected":false},"excerpt":{"rendered":"<p>As principais ruas da regi\u00e3o central da cidade de Santo Andr\u00e9, no Cariri da Para\u00edba, receberam pavimenta\u00e7\u00e3o asf\u00e1ltica, atrav\u00e9s do Programa Travessias Urbanas. Vale salientar&hellip; <\/p>\n","protected":false},"author":6,"featured_media":262631,"comment_status":"closed","ping_status":"closed","sticky":false,"template":"","format":"standard","meta":{"sfsi_plus_gutenberg_text_before_share":"","sfsi_plus_gutenberg_show_text_before_share":"","sfsi_plus_gutenberg_icon_type":"","sfsi_plus_gutenberg_icon_alignemt":"","sfsi_plus_gutenburg_max_per_row":"","footnotes":""},"categories":[86],"tags":[],"class_list":["post-262630","post","type-post","status-publish","format-standard","has-post-thumbnail","hentry","category-santo-andre"],"_links":{"self":[{"href":"https:\/\/www.caririemacao.com\/1\/wp-json\/wp\/v2\/posts\/262630","targetHints":{"allow":["GET"]}}],"collection":[{"href":"https:\/\/www.caririemacao.com\/1\/wp-json\/wp\/v2\/posts"}],"about":[{"href":"https:\/\/www.caririemacao.com\/1\/wp-json\/wp\/v2\/types\/post"}],"author":[{"embeddable":true,"href":"https:\/\/www.caririemacao.com\/1\/wp-json\/wp\/v2\/users\/6"}],"replies":[{"embeddable":true,"href":"https:\/\/www.caririemacao.com\/1\/wp-json\/wp\/v2\/comments?post=262630"}],"version-history":[{"count":1,"href":"https:\/\/www.caririemacao.com\/1\/wp-json\/wp\/v2\/posts\/262630\/revisions"}],"predecessor-version":[{"id":262632,"href":"https:\/\/www.caririemacao.com\/1\/wp-json\/wp\/v2\/posts\/262630\/revisions\/262632"}],"wp:featuredmedia":[{"embeddable":true,"href":"https:\/\/www.caririemacao.com\/1\/wp-json\/wp\/v2\/media\/262631"}],"wp:attachment":[{"href":"https:\/\/www.caririemacao.com\/1\/wp-json\/wp\/v2\/media?parent=262630"}],"wp:term":[{"taxonomy":"category","embeddable":true,"href":"https:\/\/www.caririemacao.com\/1\/wp-json\/wp\/v2\/categories?post=262630"},{"taxonomy":"post_tag","embeddable":true,"href":"https:\/\/www.caririemacao.com\/1\/wp-json\/wp\/v2\/tags?post=262630"}],"curies":[{"name":"wp","href":"https:\/\/api.w.org\/{rel}","templated":true}]}}