{"id":262633,"date":"2023-01-28T18:40:13","date_gmt":"2023-01-28T21:40:13","guid":{"rendered":"https:\/\/www.caririemacao.com\/1\/?p=262633"},"modified":"2023-01-28T18:40:13","modified_gmt":"2023-01-28T21:40:13","slug":"homem-morre-em-colisao-frontal-entre-carro-e-moto-em-monteiro","status":"publish","type":"post","link":"https:\/\/www.caririemacao.com\/1\/2023\/01\/28\/homem-morre-em-colisao-frontal-entre-carro-e-moto-em-monteiro\/","title":{"rendered":"Homem morre em colis\u00e3o frontal entre carro e moto em Monteiro"},"content":{"rendered":"<p>Uma grave colis\u00e3o envolvendo um carro e uma motocicleta deixou um homem morto na BR-412, na sa\u00edda de Monteiro, no Cariri paraibano.<\/p>\n<p>De acordo com as primeiras informa\u00e7\u00f5es, um motociclista em uma moto Honda Pop, colidiu de frente com uma ca\u00e7amba.o condutor n\u00e3o resistiu e veio a \u00f3bito.<\/p>\n<p>&nbsp;<\/p>\n<p>&nbsp;<\/p>\n<p><strong>CARIRI EM A\u00c7\u00c3O<\/strong><\/p>\n<p>Com O Pipoco<\/p>\n","protected":false},"excerpt":{"rendered":"<p>Uma grave colis\u00e3o envolvendo um carro e uma motocicleta deixou um homem morto na BR-412, na sa\u00edda de Monteiro, no Cariri paraibano. De acordo com&hellip; <\/p>\n","protected":false},"author":6,"featured_media":262634,"comment_status":"closed","ping_status":"closed","sticky":false,"template":"","format":"standard","meta":{"sfsi_plus_gutenberg_text_before_share":"","sfsi_plus_gutenberg_show_text_before_share":"","sfsi_plus_gutenberg_icon_type":"","sfsi_plus_gutenberg_icon_alignemt":"","sfsi_plus_gutenburg_max_per_row":"","footnotes":""},"categories":[1],"tags":[],"class_list":["post-262633","post","type-post","status-publish","format-standard","has-post-thumbnail","hentry","category-o-site"],"_links":{"self":[{"href":"https:\/\/www.caririemacao.com\/1\/wp-json\/wp\/v2\/posts\/262633","targetHints":{"allow":["GET"]}}],"collection":[{"href":"https:\/\/www.caririemacao.com\/1\/wp-json\/wp\/v2\/posts"}],"about":[{"href":"https:\/\/www.caririemacao.com\/1\/wp-json\/wp\/v2\/types\/post"}],"author":[{"embeddable":true,"href":"https:\/\/www.caririemacao.com\/1\/wp-json\/wp\/v2\/users\/6"}],"replies":[{"embeddable":true,"href":"https:\/\/www.caririemacao.com\/1\/wp-json\/wp\/v2\/comments?post=262633"}],"version-history":[{"count":1,"href":"https:\/\/www.caririemacao.com\/1\/wp-json\/wp\/v2\/posts\/262633\/revisions"}],"predecessor-version":[{"id":262635,"href":"https:\/\/www.caririemacao.com\/1\/wp-json\/wp\/v2\/posts\/262633\/revisions\/262635"}],"wp:featuredmedia":[{"embeddable":true,"href":"https:\/\/www.caririemacao.com\/1\/wp-json\/wp\/v2\/media\/262634"}],"wp:attachment":[{"href":"https:\/\/www.caririemacao.com\/1\/wp-json\/wp\/v2\/media?parent=262633"}],"wp:term":[{"taxonomy":"category","embeddable":true,"href":"https:\/\/www.caririemacao.com\/1\/wp-json\/wp\/v2\/categories?post=262633"},{"taxonomy":"post_tag","embeddable":true,"href":"https:\/\/www.caririemacao.com\/1\/wp-json\/wp\/v2\/tags?post=262633"}],"curies":[{"name":"wp","href":"https:\/\/api.w.org\/{rel}","templated":true}]}}