{"id":262637,"date":"2023-01-28T18:59:13","date_gmt":"2023-01-28T21:59:13","guid":{"rendered":"https:\/\/www.caririemacao.com\/1\/?p=262637"},"modified":"2023-01-28T18:59:13","modified_gmt":"2023-01-28T21:59:13","slug":"sao-joao-do-tigre-distrito-da-cacimbinha-realiza-segundo-dia-da-festa-do-padroeiro-sao-sebastiao","status":"publish","type":"post","link":"https:\/\/www.caririemacao.com\/1\/2023\/01\/28\/sao-joao-do-tigre-distrito-da-cacimbinha-realiza-segundo-dia-da-festa-do-padroeiro-sao-sebastiao\/","title":{"rendered":"S\u00e3o Jo\u00e3o do Tigre: Distrito da Cacimbinha realiza segundo dia da festa do padroeiro S\u00e3o Sebasti\u00e3o"},"content":{"rendered":"<p>A Prefeitura de S\u00e3o Jo\u00e3o do Tigre, na gest\u00e3o do prefeito M\u00e1rcio Leite, estar\u00e1 realizando na noite deste s\u00e1bado (28), um show em pra\u00e7a p\u00fablica em alus\u00e3o ao padroeiro S\u00e3o Sebasti\u00e3o.<\/p>\n<p>A festa contar\u00e1 com a realiza\u00e7\u00e3o de grandes shows em pra\u00e7a p\u00fablica que ter\u00e1 apresenta\u00e7\u00e3o de bandas de grande renome nacional, a exemplo da banda Mastruz com Leite, e dos cantores Dany Aguiar e Kaynan e Kau\u00ea.<\/p>\n<p>Em contato com a reportagem do Cariri Em A\u00e7\u00e3o, o prefeito M\u00e1rcio Leite, convidou a popula\u00e7\u00e3o para participar do evento.<\/p>\n<p>&#8220;Vamos realizar mais um grande da festa de nosso padroeiro, que contar\u00e1 com grandes bandas, a exemplo da banda Mastruz com Leite. Aproveito a oportunidade, para convidar toda a popula\u00e7\u00e3o a participar deste grande evento,&#8221; disse.<\/p>\n<p>&nbsp;<\/p>\n<p><strong>CARIRI EM A\u00c7\u00c3O\u00a0<\/strong><\/p>\n","protected":false},"excerpt":{"rendered":"<p>A Prefeitura de S\u00e3o Jo\u00e3o do Tigre, na gest\u00e3o do prefeito M\u00e1rcio Leite, estar\u00e1 realizando na noite deste s\u00e1bado (28), um show em pra\u00e7a p\u00fablica&hellip; <\/p>\n","protected":false},"author":6,"featured_media":262638,"comment_status":"closed","ping_status":"closed","sticky":false,"template":"","format":"standard","meta":{"sfsi_plus_gutenberg_text_before_share":"","sfsi_plus_gutenberg_show_text_before_share":"","sfsi_plus_gutenberg_icon_type":"","sfsi_plus_gutenberg_icon_alignemt":"","sfsi_plus_gutenburg_max_per_row":"","footnotes":""},"categories":[89],"tags":[],"class_list":["post-262637","post","type-post","status-publish","format-standard","has-post-thumbnail","hentry","category-sao-joao-do-tigre"],"_links":{"self":[{"href":"https:\/\/www.caririemacao.com\/1\/wp-json\/wp\/v2\/posts\/262637","targetHints":{"allow":["GET"]}}],"collection":[{"href":"https:\/\/www.caririemacao.com\/1\/wp-json\/wp\/v2\/posts"}],"about":[{"href":"https:\/\/www.caririemacao.com\/1\/wp-json\/wp\/v2\/types\/post"}],"author":[{"embeddable":true,"href":"https:\/\/www.caririemacao.com\/1\/wp-json\/wp\/v2\/users\/6"}],"replies":[{"embeddable":true,"href":"https:\/\/www.caririemacao.com\/1\/wp-json\/wp\/v2\/comments?post=262637"}],"version-history":[{"count":1,"href":"https:\/\/www.caririemacao.com\/1\/wp-json\/wp\/v2\/posts\/262637\/revisions"}],"predecessor-version":[{"id":262639,"href":"https:\/\/www.caririemacao.com\/1\/wp-json\/wp\/v2\/posts\/262637\/revisions\/262639"}],"wp:featuredmedia":[{"embeddable":true,"href":"https:\/\/www.caririemacao.com\/1\/wp-json\/wp\/v2\/media\/262638"}],"wp:attachment":[{"href":"https:\/\/www.caririemacao.com\/1\/wp-json\/wp\/v2\/media?parent=262637"}],"wp:term":[{"taxonomy":"category","embeddable":true,"href":"https:\/\/www.caririemacao.com\/1\/wp-json\/wp\/v2\/categories?post=262637"},{"taxonomy":"post_tag","embeddable":true,"href":"https:\/\/www.caririemacao.com\/1\/wp-json\/wp\/v2\/tags?post=262637"}],"curies":[{"name":"wp","href":"https:\/\/api.w.org\/{rel}","templated":true}]}}