{"id":262640,"date":"2023-01-29T09:11:16","date_gmt":"2023-01-29T12:11:16","guid":{"rendered":"https:\/\/www.caririemacao.com\/1\/?p=262640"},"modified":"2023-01-29T09:11:26","modified_gmt":"2023-01-29T12:11:26","slug":"cadaver-e-encontrado-no-distrito-de-barreiras-em-caraubas","status":"publish","type":"post","link":"https:\/\/www.caririemacao.com\/1\/2023\/01\/29\/cadaver-e-encontrado-no-distrito-de-barreiras-em-caraubas\/","title":{"rendered":"Cad\u00e1ver \u00e9 encontrado no distrito de Barreiras, em Cara\u00fabas"},"content":{"rendered":"<p>O corpo de um homem de 44 anos de idade, foi encontrado na estrada que liga o Pindur\u00e3o ao distrito de barreiras de Cara\u00fabas, na tarde deste s\u00e1bado (28). O corpo que apresentava sinais de viol\u00eancia, foi reconhecido por familiares como sendo de Orisvaldo Henrique da Silva, conhecido por Neg\u00e3o ou Vada, que residia em Jata\u00faba e estava desaparecido desde a quinta feira (26).<\/p>\n<p>Por solicita\u00e7\u00e3o do Delegado de Plant\u00e3o, Dr. Edson Vasconcelos, foi realizado exame per\u00edcial em local de crime violento e o corpo foi encaminhado ao IML para realiza\u00e7\u00e3o de exame cadav\u00e9rico. As Pol\u00edcias Militar e Civil estiveram no local juntamente com as equipes do numol e IPC.<\/p>\n<p>&nbsp;<\/p>\n<p><strong>CARIRI EM A\u00c7\u00c3O<\/strong><\/p>\n<p>Com Jornalismo 95 Fm Sum\u00e9<\/p>\n","protected":false},"excerpt":{"rendered":"<p>O corpo de um homem de 44 anos de idade, foi encontrado na estrada que liga o Pindur\u00e3o ao distrito de barreiras de Cara\u00fabas, na&hellip; <\/p>\n","protected":false},"author":6,"featured_media":242169,"comment_status":"closed","ping_status":"closed","sticky":false,"template":"","format":"standard","meta":{"sfsi_plus_gutenberg_text_before_share":"","sfsi_plus_gutenberg_show_text_before_share":"","sfsi_plus_gutenberg_icon_type":"","sfsi_plus_gutenberg_icon_alignemt":"","sfsi_plus_gutenburg_max_per_row":"","footnotes":""},"categories":[106],"tags":[],"class_list":["post-262640","post","type-post","status-publish","format-standard","has-post-thumbnail","hentry","category-cariri"],"_links":{"self":[{"href":"https:\/\/www.caririemacao.com\/1\/wp-json\/wp\/v2\/posts\/262640","targetHints":{"allow":["GET"]}}],"collection":[{"href":"https:\/\/www.caririemacao.com\/1\/wp-json\/wp\/v2\/posts"}],"about":[{"href":"https:\/\/www.caririemacao.com\/1\/wp-json\/wp\/v2\/types\/post"}],"author":[{"embeddable":true,"href":"https:\/\/www.caririemacao.com\/1\/wp-json\/wp\/v2\/users\/6"}],"replies":[{"embeddable":true,"href":"https:\/\/www.caririemacao.com\/1\/wp-json\/wp\/v2\/comments?post=262640"}],"version-history":[{"count":2,"href":"https:\/\/www.caririemacao.com\/1\/wp-json\/wp\/v2\/posts\/262640\/revisions"}],"predecessor-version":[{"id":262642,"href":"https:\/\/www.caririemacao.com\/1\/wp-json\/wp\/v2\/posts\/262640\/revisions\/262642"}],"wp:featuredmedia":[{"embeddable":true,"href":"https:\/\/www.caririemacao.com\/1\/wp-json\/wp\/v2\/media\/242169"}],"wp:attachment":[{"href":"https:\/\/www.caririemacao.com\/1\/wp-json\/wp\/v2\/media?parent=262640"}],"wp:term":[{"taxonomy":"category","embeddable":true,"href":"https:\/\/www.caririemacao.com\/1\/wp-json\/wp\/v2\/categories?post=262640"},{"taxonomy":"post_tag","embeddable":true,"href":"https:\/\/www.caririemacao.com\/1\/wp-json\/wp\/v2\/tags?post=262640"}],"curies":[{"name":"wp","href":"https:\/\/api.w.org\/{rel}","templated":true}]}}