{"id":262643,"date":"2023-01-29T09:13:03","date_gmt":"2023-01-29T12:13:03","guid":{"rendered":"https:\/\/www.caririemacao.com\/1\/?p=262643"},"modified":"2023-01-29T09:13:03","modified_gmt":"2023-01-29T12:13:03","slug":"pode-ser-amanha-daqui-a-seis-meses-ou-nunca-diz-flavio-bolsonaro-sobre-data-de-retorno-do-pai-ao-brasil","status":"publish","type":"post","link":"https:\/\/www.caririemacao.com\/1\/2023\/01\/29\/pode-ser-amanha-daqui-a-seis-meses-ou-nunca-diz-flavio-bolsonaro-sobre-data-de-retorno-do-pai-ao-brasil\/","title":{"rendered":"&#8216;Pode ser amanh\u00e3, daqui a seis meses ou nunca&#8217;, diz Fl\u00e1vio Bolsonaro sobre data de retorno do pai ao Brasil"},"content":{"rendered":"<p>O senador Fl\u00e1vio Bolsonaro (PL-RJ) afirmou neste s\u00e1bado que n\u00e3o h\u00e1 uma previs\u00e3o de retorno do ex-presidente Jair Bolsonaro ao Brasil. Ele est\u00e1 nos Estados Unidos desde o dia 31 de dezembro, ap\u00f3s um longo per\u00edodo de reclus\u00e3o no Pal\u00e1cio da Alvorada em raz\u00e3o da derrota nas elei\u00e7\u00f5es presidenciais.<\/p>\n<p>\u2014 N\u00e3o tem previs\u00e3o, ele que sabe. Pode ser amanh\u00e3, pode ser daqui a seis meses, pode n\u00e3o voltar nunca, n\u00e3o sei. Ele esta desopilando. Voc\u00ea nunca tirou f\u00e9rias, n\u00e3o?<\/p>\n<p>Fl\u00e1vio participou neste s\u00e1bado de evento em que o PP e o Republicanos oficializaram o apoio \u00e0 candidatura do ex-ministro Rog\u00e9rio Marinho (PL-RN) \u00e0 presid\u00eancia do Senado.<\/p>\n<p>Questionado se o presidente est\u00e1 sozinho, o senador afirmou n\u00e3o ter conhecimento das pessoas que est\u00e3o com o pai, mas que \u201ccom certeza s\u00e3o pessoas pr\u00f3ximas a ele\u201d.<\/p>\n<p>Fl\u00e1vio disse ainda que n\u00e3o h\u00e1 nenhum temor acerca do retorno de Bolsonaro ao Brasil e poss\u00edveis responsabiliza\u00e7\u00f5es judiciais. Bolsonaro \u00e9 alvo de uma s\u00e9rie de inqu\u00e9ritos do Supremo Tribunal Federal (STF) e no Tribunal Superior Eleitoral (TSE), inclusive acerca dos constantes questionamentos sobre a confiabilidade do sistema eleitoral.<\/p>\n<p>\u2014 N\u00e3o tem temor nenhum. Ele n\u00e3o tem nenhuma responsabilidade sobre o que aconteceu no Brasil. Se ele estivesse sentado na cadeira de presidente poderia falar que ele facilitou alguma coisa \u2026.<\/p>\n<p>Sobre os inqu\u00e9ritos, o senador afirma que a equipe jur\u00eddica n\u00e3o identificou \u201cnada\u201d que implique \u201cjuridicamente\u201d o ex-presidente e que n\u00e3o cabe ao poder judici\u00e1rio \u201cfazer um julgamento pol\u00edtico\u201d.<\/p>\n<p>\u2014 Os advogados est\u00e3o olhando tecnicamente, o retorno que tem \u00e9 que n\u00e3o h\u00e1 nada juridicamente que implique o presidente Bolsonaro. Agora, o poder judici\u00e1rio n\u00e3o \u00e9 lugar de fazer julgamento pol\u00edtico. Acho que ele est\u00e1 com muita tranquilidade porque sabe que n\u00e3o tem como, ainda que forcem muito uma barra, n\u00e3o tem como vincular Bolsonaro a nenhum ato criminoso.<\/p>\n<p>Fl\u00e1vio ainda afirmou que Bolsonaro est\u00e1 &#8220;tranquilo&#8221; em rela\u00e7\u00e3o aos inqu\u00e9ritos.<\/p>\n<p>\u2014 O presidente est\u00e1 com muita tranquilidade, porque sabe que ainda que force muito uma barra, n\u00e3o tem como vincular Bolsonaro a nenhum ato criminoso \u2014 afirmou, completando: \u2014 O presidente est\u00e1 muito tranquilo, acompanhando \u00e0 dist\u00e2ncia as coisas que est\u00e3o acontecendo no Brasil, absolutamente com a consci\u00eancia tranquila de que deu o seu melhor pelo Brasil<\/p>\n<p>Sobre a sa\u00fade do ex-presidente, Fl\u00e1vio afirmou que &#8220;est\u00e1 bem&#8221; e que houve um &#8220;contratempo&#8221;. O senador, no entanto, n\u00e3o soube dizer se uma nova cirurgia ser\u00e1 necess\u00e1ria.<\/p>\n<p>\u2014 A sa\u00fade dele est\u00e1 bem, ele teve um contratempo h\u00e1 poucos dias \u2014 afirmou, completando: \u2014 Eu n\u00e3o sei dizer se ele vai precisar fazer uma nova cirurgia, mas acredito at\u00e9 que sim, porque pelo que aconteceu l\u00e1, tem algum problema no intestino de novo que talvez seja necess\u00e1rio uma cirurgia para reparar pelo menos por algum tempo sem precisar de interven\u00e7\u00e3o.<\/p>\n<p>Bolsonaro precisou ser internado em um hospital nos Estados Unidos ap\u00f3s sentir fortes dores abdominais. O cirurgi\u00e3o Antonio Luiz Macedo, que acompanha Bolsonaro desde que ele foi alvo de uma facada durante ato da campanha eleitoral de 2018, em Juiz de Fora (MG), levantou a possibilidade de uma nova cirurgia.<\/p>\n","protected":false},"excerpt":{"rendered":"<p>O senador Fl\u00e1vio Bolsonaro (PL-RJ) afirmou neste s\u00e1bado que n\u00e3o h\u00e1 uma previs\u00e3o de retorno do ex-presidente Jair Bolsonaro ao Brasil. Ele est\u00e1 nos Estados&hellip; <\/p>\n","protected":false},"author":6,"featured_media":262644,"comment_status":"closed","ping_status":"closed","sticky":false,"template":"","format":"standard","meta":{"sfsi_plus_gutenberg_text_before_share":"","sfsi_plus_gutenberg_show_text_before_share":"","sfsi_plus_gutenberg_icon_type":"","sfsi_plus_gutenberg_icon_alignemt":"","sfsi_plus_gutenburg_max_per_row":"","footnotes":""},"categories":[1],"tags":[],"class_list":["post-262643","post","type-post","status-publish","format-standard","has-post-thumbnail","hentry","category-o-site"],"_links":{"self":[{"href":"https:\/\/www.caririemacao.com\/1\/wp-json\/wp\/v2\/posts\/262643","targetHints":{"allow":["GET"]}}],"collection":[{"href":"https:\/\/www.caririemacao.com\/1\/wp-json\/wp\/v2\/posts"}],"about":[{"href":"https:\/\/www.caririemacao.com\/1\/wp-json\/wp\/v2\/types\/post"}],"author":[{"embeddable":true,"href":"https:\/\/www.caririemacao.com\/1\/wp-json\/wp\/v2\/users\/6"}],"replies":[{"embeddable":true,"href":"https:\/\/www.caririemacao.com\/1\/wp-json\/wp\/v2\/comments?post=262643"}],"version-history":[{"count":1,"href":"https:\/\/www.caririemacao.com\/1\/wp-json\/wp\/v2\/posts\/262643\/revisions"}],"predecessor-version":[{"id":262645,"href":"https:\/\/www.caririemacao.com\/1\/wp-json\/wp\/v2\/posts\/262643\/revisions\/262645"}],"wp:featuredmedia":[{"embeddable":true,"href":"https:\/\/www.caririemacao.com\/1\/wp-json\/wp\/v2\/media\/262644"}],"wp:attachment":[{"href":"https:\/\/www.caririemacao.com\/1\/wp-json\/wp\/v2\/media?parent=262643"}],"wp:term":[{"taxonomy":"category","embeddable":true,"href":"https:\/\/www.caririemacao.com\/1\/wp-json\/wp\/v2\/categories?post=262643"},{"taxonomy":"post_tag","embeddable":true,"href":"https:\/\/www.caririemacao.com\/1\/wp-json\/wp\/v2\/tags?post=262643"}],"curies":[{"name":"wp","href":"https:\/\/api.w.org\/{rel}","templated":true}]}}