{"id":262646,"date":"2023-01-29T09:14:21","date_gmt":"2023-01-29T12:14:21","guid":{"rendered":"https:\/\/www.caririemacao.com\/1\/?p=262646"},"modified":"2023-01-29T09:14:21","modified_gmt":"2023-01-29T12:14:21","slug":"em-jogo-sem-inspiracao-serra-branca-e-campinense-empatam-sem-gols-pelo-paraibano-2023","status":"publish","type":"post","link":"https:\/\/www.caririemacao.com\/1\/2023\/01\/29\/em-jogo-sem-inspiracao-serra-branca-e-campinense-empatam-sem-gols-pelo-paraibano-2023\/","title":{"rendered":"Em jogo sem inspira\u00e7\u00e3o, Serra Branca e Campinense empatam sem gols pelo Paraibano 2023"},"content":{"rendered":"<div id=\"chunk-50gvk\">\n<div class=\"mc-column content-text active-extra-styles active-capital-letter\" data-block-type=\"unstyled\" data-block-weight=\"37\" data-block-id=\"2\">\n<p class=\"content-text__container theme-color-primary-first-letter\" data-track-category=\"Link no Texto\" data-track-links=\"\">Campinense e Serra Branca fizeram um jogo sem inspira\u00e7\u00e3o, na tarde desse s\u00e1bado, pela rodada 6 do Campeonato Paraibano 2023.<\/p>\n<p class=\"content-text__container theme-color-primary-first-letter\" data-track-category=\"Link no Texto\" data-track-links=\"\">O placar final da partida, realizada no Amig\u00e3o, em Campina Grande, foi 0 a 0.<\/p>\n<\/div>\n<\/div>\n<div class=\"wall protected-content\">\n<div id=\"chunk-51g3q\">\n<div class=\"mc-column content-text active-extra-styles \" data-block-type=\"unstyled\" data-block-weight=\"29\" data-block-id=\"3\">\n<p class=\"content-text__container \" data-track-category=\"Link no Texto\" data-track-links=\"\">Com o resultado, a Raposa segue no G-4, na terceira coloca\u00e7\u00e3o, com oito pontos, enquanto o Carcar\u00e1 chegou aos dois pontos e empurrou o Auto Esporte para a lanterna.<\/p>\n<p data-track-category=\"Link no Texto\" data-track-links=\"\">O pr\u00f3ximo jogo do Campinense \u00e9 no dia 8 de fevereiro contra o Nacional de Patos, tamb\u00e9m no Amig\u00e3o.<\/p>\n<p data-track-category=\"Link no Texto\" data-track-links=\"\">O Serra Branca volta a campo mais cedo, na pr\u00f3xima quinta-feira (2), em jogo contra o Botafogo-PB no Amig\u00e3o.<\/p>\n<\/div>\n<\/div>\n<\/div>\n","protected":false},"excerpt":{"rendered":"<p>Campinense e Serra Branca fizeram um jogo sem inspira\u00e7\u00e3o, na tarde desse s\u00e1bado, pela rodada 6 do Campeonato Paraibano 2023. O placar final da partida,&hellip; <\/p>\n","protected":false},"author":6,"featured_media":262647,"comment_status":"closed","ping_status":"closed","sticky":false,"template":"","format":"standard","meta":{"sfsi_plus_gutenberg_text_before_share":"","sfsi_plus_gutenberg_show_text_before_share":"","sfsi_plus_gutenberg_icon_type":"","sfsi_plus_gutenberg_icon_alignemt":"","sfsi_plus_gutenburg_max_per_row":"","footnotes":""},"categories":[1],"tags":[],"class_list":["post-262646","post","type-post","status-publish","format-standard","has-post-thumbnail","hentry","category-o-site"],"_links":{"self":[{"href":"https:\/\/www.caririemacao.com\/1\/wp-json\/wp\/v2\/posts\/262646","targetHints":{"allow":["GET"]}}],"collection":[{"href":"https:\/\/www.caririemacao.com\/1\/wp-json\/wp\/v2\/posts"}],"about":[{"href":"https:\/\/www.caririemacao.com\/1\/wp-json\/wp\/v2\/types\/post"}],"author":[{"embeddable":true,"href":"https:\/\/www.caririemacao.com\/1\/wp-json\/wp\/v2\/users\/6"}],"replies":[{"embeddable":true,"href":"https:\/\/www.caririemacao.com\/1\/wp-json\/wp\/v2\/comments?post=262646"}],"version-history":[{"count":1,"href":"https:\/\/www.caririemacao.com\/1\/wp-json\/wp\/v2\/posts\/262646\/revisions"}],"predecessor-version":[{"id":262648,"href":"https:\/\/www.caririemacao.com\/1\/wp-json\/wp\/v2\/posts\/262646\/revisions\/262648"}],"wp:featuredmedia":[{"embeddable":true,"href":"https:\/\/www.caririemacao.com\/1\/wp-json\/wp\/v2\/media\/262647"}],"wp:attachment":[{"href":"https:\/\/www.caririemacao.com\/1\/wp-json\/wp\/v2\/media?parent=262646"}],"wp:term":[{"taxonomy":"category","embeddable":true,"href":"https:\/\/www.caririemacao.com\/1\/wp-json\/wp\/v2\/categories?post=262646"},{"taxonomy":"post_tag","embeddable":true,"href":"https:\/\/www.caririemacao.com\/1\/wp-json\/wp\/v2\/tags?post=262646"}],"curies":[{"name":"wp","href":"https:\/\/api.w.org\/{rel}","templated":true}]}}