{"id":262651,"date":"2023-01-29T09:55:38","date_gmt":"2023-01-29T12:55:38","guid":{"rendered":"https:\/\/www.caririemacao.com\/1\/?p=262651"},"modified":"2023-01-29T09:55:38","modified_gmt":"2023-01-29T12:55:38","slug":"com-grande-presenca-do-publico-prefeitura-de-sao-joao-do-tigre-realiza-festa-do-padroeiro-no-distrito-da-cacimbinha","status":"publish","type":"post","link":"https:\/\/www.caririemacao.com\/1\/2023\/01\/29\/com-grande-presenca-do-publico-prefeitura-de-sao-joao-do-tigre-realiza-festa-do-padroeiro-no-distrito-da-cacimbinha\/","title":{"rendered":"Com grande presen\u00e7a do p\u00fablico, Prefeitura de S\u00e3o Jo\u00e3o do Tigre realiza festa do padroeiro no distrito da Cacimbinha"},"content":{"rendered":"<p>A Prefeitura de S\u00e3o Jo\u00e3o do Tigre, na gest\u00e3o do prefeito M\u00e1rcio Leite, realizou na noite da \u00faltimo s\u00e1bado (28), a programa\u00e7\u00e3o social da festa do padroeiro S\u00e3o Sebasti\u00e3o, no distrito da Cacimbinha.<\/p>\n<p>A festa contou com uma grande presen\u00e7a do p\u00fablico, e com apresenta\u00e7\u00e3o da banda Mastruz com Leite, da cantora Dany Aguiar e dos cantores Kaynan e Kau\u00ea.<\/p>\n<p>Em contato com a reportagem do Cariri Em A\u00e7\u00e3o, o prefeito M\u00e1rcio Leite, comemorou a grande presen\u00e7a do p\u00fablico e afirmou que o distrito da Cacimbinha tem avan\u00e7ado durante sua gest\u00e3o.<\/p>\n<p>\u201cRealizamos mais uma grande festa do padroeiro S\u00e3o Sebasti\u00e3o, em Cacimbinha, que contou com a presen\u00e7a de um grande p\u00fablico e com grandes atra\u00e7\u00f5es. Esse \u00e9 apenas um exemplo do quanto esse importante distrito tem avan\u00e7ado durante a nossa gest\u00e3o, a Prefeitura de S\u00e3o Jo\u00e3o do Tigre segue empenhada em realizar grandes a\u00e7\u00f5es para nossa popula\u00e7\u00e3o,&#8221; disse o gestor.<\/p>\n<p><img decoding=\"async\" data-src=\"https:\/\/scontent-for1-1.xx.fbcdn.net\/v\/t1.15752-9\/326944949_1415419092325529_8313521709492169486_n.jpg?_nc_cat=111&amp;ccb=1-7&amp;_nc_sid=ae9488&amp;_nc_eui2=AeFQIe4TK8_JLCQv0wTskqTjAvD5qwTpxOYC8PmrBOnE5thYFeymUkmNG5u3SvHlojfpjHCWCgfFdtV6xDK6d-Ey&amp;_nc_ohc=O4Ex-f-HW_oAX9jHMPQ&amp;tn=zV0Z3w9yKXCjwkNf&amp;_nc_ht=scontent-for1-1.xx&amp;oh=03_AdTAWeYHhRaAJnl_FNn4NRPj-iM-5dDkCysq4tYSMeL3Xg&amp;oe=63FDBE78\" alt=\"Nenhuma descri\u00e7\u00e3o dispon\u00edvel.\" src=\"data:image\/svg+xml;base64,PHN2ZyB3aWR0aD0iMSIgaGVpZ2h0PSIxIiB4bWxucz0iaHR0cDovL3d3dy53My5vcmcvMjAwMC9zdmciPjwvc3ZnPg==\" class=\"lazyload\" \/><\/p>\n<p>&nbsp;<\/p>\n","protected":false},"excerpt":{"rendered":"<p>A Prefeitura de S\u00e3o Jo\u00e3o do Tigre, na gest\u00e3o do prefeito M\u00e1rcio Leite, realizou na noite da \u00faltimo s\u00e1bado (28), a programa\u00e7\u00e3o social da festa&hellip; <\/p>\n","protected":false},"author":6,"featured_media":262653,"comment_status":"closed","ping_status":"closed","sticky":false,"template":"","format":"standard","meta":{"sfsi_plus_gutenberg_text_before_share":"","sfsi_plus_gutenberg_show_text_before_share":"","sfsi_plus_gutenberg_icon_type":"","sfsi_plus_gutenberg_icon_alignemt":"","sfsi_plus_gutenburg_max_per_row":"","footnotes":""},"categories":[89],"tags":[],"class_list":["post-262651","post","type-post","status-publish","format-standard","has-post-thumbnail","hentry","category-sao-joao-do-tigre"],"_links":{"self":[{"href":"https:\/\/www.caririemacao.com\/1\/wp-json\/wp\/v2\/posts\/262651","targetHints":{"allow":["GET"]}}],"collection":[{"href":"https:\/\/www.caririemacao.com\/1\/wp-json\/wp\/v2\/posts"}],"about":[{"href":"https:\/\/www.caririemacao.com\/1\/wp-json\/wp\/v2\/types\/post"}],"author":[{"embeddable":true,"href":"https:\/\/www.caririemacao.com\/1\/wp-json\/wp\/v2\/users\/6"}],"replies":[{"embeddable":true,"href":"https:\/\/www.caririemacao.com\/1\/wp-json\/wp\/v2\/comments?post=262651"}],"version-history":[{"count":2,"href":"https:\/\/www.caririemacao.com\/1\/wp-json\/wp\/v2\/posts\/262651\/revisions"}],"predecessor-version":[{"id":262654,"href":"https:\/\/www.caririemacao.com\/1\/wp-json\/wp\/v2\/posts\/262651\/revisions\/262654"}],"wp:featuredmedia":[{"embeddable":true,"href":"https:\/\/www.caririemacao.com\/1\/wp-json\/wp\/v2\/media\/262653"}],"wp:attachment":[{"href":"https:\/\/www.caririemacao.com\/1\/wp-json\/wp\/v2\/media?parent=262651"}],"wp:term":[{"taxonomy":"category","embeddable":true,"href":"https:\/\/www.caririemacao.com\/1\/wp-json\/wp\/v2\/categories?post=262651"},{"taxonomy":"post_tag","embeddable":true,"href":"https:\/\/www.caririemacao.com\/1\/wp-json\/wp\/v2\/tags?post=262651"}],"curies":[{"name":"wp","href":"https:\/\/api.w.org\/{rel}","templated":true}]}}