{"id":262655,"date":"2023-01-29T21:14:54","date_gmt":"2023-01-30T00:14:54","guid":{"rendered":"https:\/\/www.caririemacao.com\/1\/?p=262655"},"modified":"2023-01-29T21:14:54","modified_gmt":"2023-01-30T00:14:54","slug":"prefeito-de-camalau-se-reune-com-representantes-do-corpo-de-bombeiros-e-traca-estrategias-para-o-carnaval-2023","status":"publish","type":"post","link":"https:\/\/www.caririemacao.com\/1\/2023\/01\/29\/prefeito-de-camalau-se-reune-com-representantes-do-corpo-de-bombeiros-e-traca-estrategias-para-o-carnaval-2023\/","title":{"rendered":"Prefeito de Camala\u00fa se re\u00fane com representantes do Corpo de Bombeiros e tra\u00e7a estrat\u00e9gias para o Carnaval 2023"},"content":{"rendered":"<p>O prefeito de Camala\u00fa, Bira Mariano, esteve reunido com representantes do Corpo de Bombeiros com o intuito de tra\u00e7ar metas, normas e condutas a serem adotadas no Carnaval de Camala\u00fa. A visita aconteceu nos lugares aonde ir\u00e3o acontecer os festejos.<\/p>\n<p>Durante a vistoria do Corpo de Bombeiros estiveram presentes o prefeito de Camala\u00fa, Bira Mariano, secret\u00e1rios, coordenadores e representantes da equipe de seguran\u00e7a.<\/p>\n<p>Em contato com a reportagem, o prefeito Bira Mariano, afirmou que a vistoria serve para analisar e abordar quais normas ser\u00e3o adotadas durantes os festejos carnavelescos no munic\u00edpio.<\/p>\n<p>\u201cFoi uma vistoria onde os representantes do Corpo de Bombeiros tra\u00e7aram as metas, normas e condutas a serem adotadas durantes os festejos do Carnaval em nosso munic\u00edpio. O Carnaval de Camala\u00fa que \u00e9 um dos maiores eventos da regi\u00e3o do Cariri, e necessita de um esquema de seguran\u00e7a completo, pois estar\u00e3o presentes turistas e foli\u00f5es de todo o Nordeste,\u201d disse.<\/p>\n<p>O tradicional Carnaval de Camala\u00fa, acontecer\u00e1 entre os dias 16 a 22 de fevereiro, e contar\u00e1 com uma vasta programa\u00e7\u00e3o.<\/p>\n<p><img fetchpriority=\"high\" decoding=\"async\" class=\"size-medium wp-image-84657 aligncenter\" src=\"https:\/\/www.blogdobrunolira.com.br\/wp-content\/uploads\/2023\/01\/DE6623DD-E751-4478-BC78-B855E1F24C15-300x225.jpeg\" sizes=\"(max-width: 300px) 100vw, 300px\" srcset=\"https:\/\/www.blogdobrunolira.com.br\/wp-content\/uploads\/2023\/01\/DE6623DD-E751-4478-BC78-B855E1F24C15-300x225.jpeg 300w, https:\/\/www.blogdobrunolira.com.br\/wp-content\/uploads\/2023\/01\/DE6623DD-E751-4478-BC78-B855E1F24C15-768x576.jpeg 768w, https:\/\/www.blogdobrunolira.com.br\/wp-content\/uploads\/2023\/01\/DE6623DD-E751-4478-BC78-B855E1F24C15.jpeg 1024w\" alt=\"\" width=\"300\" height=\"225\" data-attachment-id=\"84657\" data-permalink=\"https:\/\/www.blogdobrunolira.com.br\/2023\/01\/prefeito-de-camalau-se-reune-com-representantes-do-corpo-de-bombeiros-e-traca-estrategias-para-o-carnaval-2023\/de6623dd-e751-4478-bc78-b855e1f24c15\/\" data-orig-file=\"https:\/\/www.blogdobrunolira.com.br\/wp-content\/uploads\/2023\/01\/DE6623DD-E751-4478-BC78-B855E1F24C15.jpeg\" data-orig-size=\"1024,768\" data-comments-opened=\"1\" data-image-meta=\"{&quot;aperture&quot;:&quot;0&quot;,&quot;credit&quot;:&quot;&quot;,&quot;camera&quot;:&quot;&quot;,&quot;caption&quot;:&quot;&quot;,&quot;created_timestamp&quot;:&quot;0&quot;,&quot;copyright&quot;:&quot;&quot;,&quot;focal_length&quot;:&quot;0&quot;,&quot;iso&quot;:&quot;0&quot;,&quot;shutter_speed&quot;:&quot;0&quot;,&quot;title&quot;:&quot;&quot;,&quot;orientation&quot;:&quot;0&quot;}\" data-image-title=\"DE6623DD-E751-4478-BC78-B855E1F24C15\" data-image-description=\"\" data-medium-file=\"https:\/\/www.blogdobrunolira.com.br\/wp-content\/uploads\/2023\/01\/DE6623DD-E751-4478-BC78-B855E1F24C15-300x225.jpeg\" data-large-file=\"https:\/\/www.blogdobrunolira.com.br\/wp-content\/uploads\/2023\/01\/DE6623DD-E751-4478-BC78-B855E1F24C15-1024x768.jpeg\" \/><\/p>\n","protected":false},"excerpt":{"rendered":"<p>O prefeito de Camala\u00fa, Bira Mariano, esteve reunido com representantes do Corpo de Bombeiros com o intuito de tra\u00e7ar metas, normas e condutas a serem&hellip; <\/p>\n","protected":false},"author":6,"featured_media":262656,"comment_status":"closed","ping_status":"closed","sticky":false,"template":"","format":"standard","meta":{"sfsi_plus_gutenberg_text_before_share":"","sfsi_plus_gutenberg_show_text_before_share":"","sfsi_plus_gutenberg_icon_type":"","sfsi_plus_gutenberg_icon_alignemt":"","sfsi_plus_gutenburg_max_per_row":"","footnotes":""},"categories":[71],"tags":[],"class_list":["post-262655","post","type-post","status-publish","format-standard","has-post-thumbnail","hentry","category-camalau"],"_links":{"self":[{"href":"https:\/\/www.caririemacao.com\/1\/wp-json\/wp\/v2\/posts\/262655","targetHints":{"allow":["GET"]}}],"collection":[{"href":"https:\/\/www.caririemacao.com\/1\/wp-json\/wp\/v2\/posts"}],"about":[{"href":"https:\/\/www.caririemacao.com\/1\/wp-json\/wp\/v2\/types\/post"}],"author":[{"embeddable":true,"href":"https:\/\/www.caririemacao.com\/1\/wp-json\/wp\/v2\/users\/6"}],"replies":[{"embeddable":true,"href":"https:\/\/www.caririemacao.com\/1\/wp-json\/wp\/v2\/comments?post=262655"}],"version-history":[{"count":1,"href":"https:\/\/www.caririemacao.com\/1\/wp-json\/wp\/v2\/posts\/262655\/revisions"}],"predecessor-version":[{"id":262657,"href":"https:\/\/www.caririemacao.com\/1\/wp-json\/wp\/v2\/posts\/262655\/revisions\/262657"}],"wp:featuredmedia":[{"embeddable":true,"href":"https:\/\/www.caririemacao.com\/1\/wp-json\/wp\/v2\/media\/262656"}],"wp:attachment":[{"href":"https:\/\/www.caririemacao.com\/1\/wp-json\/wp\/v2\/media?parent=262655"}],"wp:term":[{"taxonomy":"category","embeddable":true,"href":"https:\/\/www.caririemacao.com\/1\/wp-json\/wp\/v2\/categories?post=262655"},{"taxonomy":"post_tag","embeddable":true,"href":"https:\/\/www.caririemacao.com\/1\/wp-json\/wp\/v2\/tags?post=262655"}],"curies":[{"name":"wp","href":"https:\/\/api.w.org\/{rel}","templated":true}]}}