{"id":262664,"date":"2023-01-30T08:36:38","date_gmt":"2023-01-30T11:36:38","guid":{"rendered":"https:\/\/www.caririemacao.com\/1\/?p=262664"},"modified":"2023-01-30T08:36:38","modified_gmt":"2023-01-30T11:36:38","slug":"prefeitura-de-gurjao-abre-inscricoes-em-selecao-com-salarios-de-r-36-mil","status":"publish","type":"post","link":"https:\/\/www.caririemacao.com\/1\/2023\/01\/30\/prefeitura-de-gurjao-abre-inscricoes-em-selecao-com-salarios-de-r-36-mil\/","title":{"rendered":"Prefeitura de Gurj\u00e3o abre inscri\u00e7\u00f5es em sele\u00e7\u00e3o com sal\u00e1rios de R$ 3,6 mil"},"content":{"rendered":"<p class=\"bodytext\">S\u00e3o abertas nesta segunda-feira (30) as inscri\u00e7\u00f5es no processo seletivo com 34 vagas da prefeitura de Gurj\u00e3o, no Cariri da Para\u00edba.\u00a0Podem participar candidatos com n\u00edveis\u00a0fundamental, m\u00e9dio, t\u00e9cnico e superior. Os sal\u00e1rios v\u00e3o de\u00a0R$ 1.302,00 a R$ 3.636,00\u00a0e prev\u00ea a contrata\u00e7\u00e3o de servidores nas \u00e1reas de sa\u00fade e educa\u00e7\u00e3o.<\/p>\n<p class=\"bodytext\">Os interessados devem se inscrever de forma presencial na sede da prefeitura do munic\u00edpio, localizada na Rua Vicente Borges Gurj\u00e3o, n\u00ba 158, no bairro do Centro. As inscri\u00e7\u00f5es come\u00e7am \u00e0s 9h de hoje e seguem at\u00e9 o dia 1\u00ba de fevereiro, das 9h \u00e0s 14h.<\/p>\n<p class=\"bodytext\">As taxas custam R$ 50 (n\u00edveis fundamental, m\u00e9dio e t\u00e9cnico) e R$ 80 para o n\u00edvel superior. No momento da inscri\u00e7\u00e3o, os candidatos devem preencher e entregar a ficha de inscri\u00e7\u00e3o junto com a documenta\u00e7\u00e3o comprobat\u00f3ria.<\/p>\n<ul>\n<li><a href=\"http:\/\/www.gurjao.pb.gov.br\/documentos\/publicacao_extra\/038_2023_GTNPMLT99H6C764.pdf\" target=\"_blank\" rel=\"noopener noreferrer\">Clique aqui e veja outros detalhes no edital<\/a><\/li>\n<\/ul>\n<p class=\"bodytext\">O processo acontecer\u00e1 em etapas de an\u00e1lise curricular, entrevista e prova pr\u00e1tica (fun\u00e7\u00e3o de operador de m\u00e1quinas). Entrevista e prova pr\u00e1tica devem acontecer em 9 de fevereiro.<\/p>\n","protected":false},"excerpt":{"rendered":"<p>S\u00e3o abertas nesta segunda-feira (30) as inscri\u00e7\u00f5es no processo seletivo com 34 vagas da prefeitura de Gurj\u00e3o, no Cariri da Para\u00edba.\u00a0Podem participar candidatos com n\u00edveis\u00a0fundamental,&hellip; <\/p>\n","protected":false},"author":6,"featured_media":244462,"comment_status":"closed","ping_status":"closed","sticky":false,"template":"","format":"standard","meta":{"sfsi_plus_gutenberg_text_before_share":"","sfsi_plus_gutenberg_show_text_before_share":"","sfsi_plus_gutenberg_icon_type":"","sfsi_plus_gutenberg_icon_alignemt":"","sfsi_plus_gutenburg_max_per_row":"","footnotes":""},"categories":[77],"tags":[],"class_list":["post-262664","post","type-post","status-publish","format-standard","has-post-thumbnail","hentry","category-gurjao"],"_links":{"self":[{"href":"https:\/\/www.caririemacao.com\/1\/wp-json\/wp\/v2\/posts\/262664","targetHints":{"allow":["GET"]}}],"collection":[{"href":"https:\/\/www.caririemacao.com\/1\/wp-json\/wp\/v2\/posts"}],"about":[{"href":"https:\/\/www.caririemacao.com\/1\/wp-json\/wp\/v2\/types\/post"}],"author":[{"embeddable":true,"href":"https:\/\/www.caririemacao.com\/1\/wp-json\/wp\/v2\/users\/6"}],"replies":[{"embeddable":true,"href":"https:\/\/www.caririemacao.com\/1\/wp-json\/wp\/v2\/comments?post=262664"}],"version-history":[{"count":1,"href":"https:\/\/www.caririemacao.com\/1\/wp-json\/wp\/v2\/posts\/262664\/revisions"}],"predecessor-version":[{"id":262665,"href":"https:\/\/www.caririemacao.com\/1\/wp-json\/wp\/v2\/posts\/262664\/revisions\/262665"}],"wp:featuredmedia":[{"embeddable":true,"href":"https:\/\/www.caririemacao.com\/1\/wp-json\/wp\/v2\/media\/244462"}],"wp:attachment":[{"href":"https:\/\/www.caririemacao.com\/1\/wp-json\/wp\/v2\/media?parent=262664"}],"wp:term":[{"taxonomy":"category","embeddable":true,"href":"https:\/\/www.caririemacao.com\/1\/wp-json\/wp\/v2\/categories?post=262664"},{"taxonomy":"post_tag","embeddable":true,"href":"https:\/\/www.caririemacao.com\/1\/wp-json\/wp\/v2\/tags?post=262664"}],"curies":[{"name":"wp","href":"https:\/\/api.w.org\/{rel}","templated":true}]}}