{"id":262666,"date":"2023-01-30T08:38:08","date_gmt":"2023-01-30T11:38:08","guid":{"rendered":"https:\/\/www.caririemacao.com\/1\/?p=262666"},"modified":"2023-01-30T08:38:08","modified_gmt":"2023-01-30T11:38:08","slug":"tradicional-corrida-de-jegue-de-zabele-ja-tem-data-marcada-confira","status":"publish","type":"post","link":"https:\/\/www.caririemacao.com\/1\/2023\/01\/30\/tradicional-corrida-de-jegue-de-zabele-ja-tem-data-marcada-confira\/","title":{"rendered":"Tradicional Corrida de Jegue de Zabel\u00ea j\u00e1 tem data marcada; confira"},"content":{"rendered":"<p>A tradicional\u00a0Corrida de Jegue de Zabel\u00ea j\u00e1 tem data marcada para acontecer! O evento faz parte da programa\u00e7\u00e3o da Festa de Emancipa\u00e7\u00e3o Pol\u00edtica do munic\u00edpio, que conta ainda com outras atividades: shows, maratona e ciclismo.<\/p>\n<p>Neste ano, com sua 20\u00aa edi\u00e7\u00e3o, a Corrida de Jegue acontecer\u00e1 nos dias 29 a 30 de Abril, com entrada gratuita para toda popula\u00e7\u00e3o e visitantes no centro da cidade.<\/p>\n<p>A corrida possui uma estrutura denominada Jegodromo, onde acontece a disputa, que j\u00e1 chegou a juntar mais de 80 animais. As premia\u00e7\u00f5es variam entre valores em dinheiro ou motos. Segundo os organizadores, os dez primeiros colocados recebem tamb\u00e9m um trof\u00e9u.<\/p>\n<p>O evento tem\u00e1tico tem por objetivo valorizar o \u201cJumento, Jegue ou Asno\u201d que \u00e9 um \u00edcone da Regi\u00e3o do Cariri, e muito usado para realizar trabalhos pesados na agricultura e no dia a dia das pessoas, como tamb\u00e9m j\u00e1 foi homenageado em v\u00e1rias can\u00e7\u00f5es de grandes artistas como Luiz Gonzaga e Genival Lacerda, fazendo com que a corrida seja nacionalmente conhecida.<\/p>\n<p>Consagrado no calend\u00e1rio de festas da Para\u00edba, a tradicional e animada Corrida de Jegue, re\u00fane todos os anos milhares de pessoas de toda a regi\u00e3o, durante os tr\u00eas dias das festividades, e sempre acontece na \u00faltima semana do m\u00eas de abril.<\/p>\n","protected":false},"excerpt":{"rendered":"<p>A tradicional\u00a0Corrida de Jegue de Zabel\u00ea j\u00e1 tem data marcada para acontecer! O evento faz parte da programa\u00e7\u00e3o da Festa de Emancipa\u00e7\u00e3o Pol\u00edtica do munic\u00edpio,&hellip; <\/p>\n","protected":false},"author":6,"featured_media":262667,"comment_status":"closed","ping_status":"closed","sticky":false,"template":"","format":"standard","meta":{"sfsi_plus_gutenberg_text_before_share":"","sfsi_plus_gutenberg_show_text_before_share":"","sfsi_plus_gutenberg_icon_type":"","sfsi_plus_gutenberg_icon_alignemt":"","sfsi_plus_gutenburg_max_per_row":"","footnotes":""},"categories":[97],"tags":[],"class_list":["post-262666","post","type-post","status-publish","format-standard","has-post-thumbnail","hentry","category-zabele"],"_links":{"self":[{"href":"https:\/\/www.caririemacao.com\/1\/wp-json\/wp\/v2\/posts\/262666","targetHints":{"allow":["GET"]}}],"collection":[{"href":"https:\/\/www.caririemacao.com\/1\/wp-json\/wp\/v2\/posts"}],"about":[{"href":"https:\/\/www.caririemacao.com\/1\/wp-json\/wp\/v2\/types\/post"}],"author":[{"embeddable":true,"href":"https:\/\/www.caririemacao.com\/1\/wp-json\/wp\/v2\/users\/6"}],"replies":[{"embeddable":true,"href":"https:\/\/www.caririemacao.com\/1\/wp-json\/wp\/v2\/comments?post=262666"}],"version-history":[{"count":1,"href":"https:\/\/www.caririemacao.com\/1\/wp-json\/wp\/v2\/posts\/262666\/revisions"}],"predecessor-version":[{"id":262668,"href":"https:\/\/www.caririemacao.com\/1\/wp-json\/wp\/v2\/posts\/262666\/revisions\/262668"}],"wp:featuredmedia":[{"embeddable":true,"href":"https:\/\/www.caririemacao.com\/1\/wp-json\/wp\/v2\/media\/262667"}],"wp:attachment":[{"href":"https:\/\/www.caririemacao.com\/1\/wp-json\/wp\/v2\/media?parent=262666"}],"wp:term":[{"taxonomy":"category","embeddable":true,"href":"https:\/\/www.caririemacao.com\/1\/wp-json\/wp\/v2\/categories?post=262666"},{"taxonomy":"post_tag","embeddable":true,"href":"https:\/\/www.caririemacao.com\/1\/wp-json\/wp\/v2\/tags?post=262666"}],"curies":[{"name":"wp","href":"https:\/\/api.w.org\/{rel}","templated":true}]}}