{"id":262669,"date":"2023-01-30T08:39:50","date_gmt":"2023-01-30T11:39:50","guid":{"rendered":"https:\/\/www.caririemacao.com\/1\/?p=262669"},"modified":"2023-01-30T08:39:50","modified_gmt":"2023-01-30T11:39:50","slug":"conta-de-agua-fica-5-mais-cara-na-paraiba-em-2023-veja-os-consumidores-nao-afetados","status":"publish","type":"post","link":"https:\/\/www.caririemacao.com\/1\/2023\/01\/30\/conta-de-agua-fica-5-mais-cara-na-paraiba-em-2023-veja-os-consumidores-nao-afetados\/","title":{"rendered":"Conta de \u00e1gua fica 5% mais cara na Para\u00edba em 2023; veja os consumidores n\u00e3o afetados"},"content":{"rendered":"<p>A Ag\u00eancia de Regula\u00e7\u00e3o do Estado da Para\u00edba (ARPB) aprovou o reajuste de 5,10% na estrutura tarif\u00e1ria da Companhia de \u00c1gua e Esgotos da Para\u00edba (Cagepa). De acordo, com a resolu\u00e7\u00e3o, publicada na edi\u00e7\u00e3o do<a href=\"https:\/\/auniao.pb.gov.br\/servicos\/doe\/2022\/dezembro\/diario-oficial-30-12-2022.pdf\">\u00a0Di\u00e1rio Oficial do Estado desta sexta-feira (30)<\/a>, os novos valores come\u00e7am a valer em 30 dias, a partir de 29 de janeiro.<\/p>\n<p>Os aumentos atingem as categorias residencial, comercial, industrial e p\u00fablica. Tamb\u00e9m foram aprovados reajustes nos valores das multas aplicadas pela Cagepa. Somente os consumidores beneficiados pela tarifa social n\u00e3o ser\u00e3o afetados com o aumento. Veja na tabela abaixo alguns dos novos valores m\u00ednimos em parte das categorias.<\/p>\n<p>Novos valores da tarifa de \u00e1gua aprovada pela Para\u00edba<\/p>\n<figure class=\"wp-block-table\">\n<table>\n<tbody>\n<tr>\n<td>Tipo de im\u00f3vel<\/td>\n<td>Nova tarida<\/td>\n<\/tr>\n<tr>\n<td>Residencial (casas, apartamentos, etc)<\/td>\n<td>A partir de R$ 83,30<\/td>\n<\/tr>\n<tr>\n<td>Comercial<\/td>\n<td>A partir de R$ 156,88<\/td>\n<\/tr>\n<tr>\n<td>Insdustrial<\/td>\n<td>A partir de R$ 190,02<\/td>\n<\/tr>\n<tr>\n<td>P\u00fablica<\/td>\n<td>A partir de R$ 187,54<\/td>\n<\/tr>\n<\/tbody>\n<\/table>\n<\/figure>\n<p>Fonte: Di\u00e1rio Oficial da Para\u00edba<\/p>\n<p>A tarifa na faixa de consumo at\u00e9 10m\u00b3 \u2013 que compreende 67% dos clientes \u2013 deve sair dos atuais R$ 44,03 para R$ 46,28. Somado ao esgoto que ficar\u00e1 em R$ 37,02, a fatura m\u00ednima ser\u00e1 de R$ 83,30. J\u00e1 a tarifa social, sem aumento, permanece no total de R$ 11,62.<\/p>\n<p>Veja a tabela com os novos valores, a partir da p\u00e1gina 18. Na faixa comercial a tarifa total ser\u00e1 de R$ 156,88; na industrial, de R$ 190,02; e na p\u00fablica, de R$ 187,54.<\/p>\n","protected":false},"excerpt":{"rendered":"<p>A Ag\u00eancia de Regula\u00e7\u00e3o do Estado da Para\u00edba (ARPB) aprovou o reajuste de 5,10% na estrutura tarif\u00e1ria da Companhia de \u00c1gua e Esgotos da Para\u00edba&hellip; <\/p>\n","protected":false},"author":6,"featured_media":261225,"comment_status":"closed","ping_status":"closed","sticky":false,"template":"","format":"standard","meta":{"sfsi_plus_gutenberg_text_before_share":"","sfsi_plus_gutenberg_show_text_before_share":"","sfsi_plus_gutenberg_icon_type":"","sfsi_plus_gutenberg_icon_alignemt":"","sfsi_plus_gutenburg_max_per_row":"","footnotes":""},"categories":[104],"tags":[],"class_list":["post-262669","post","type-post","status-publish","format-standard","has-post-thumbnail","hentry","category-paraiba"],"_links":{"self":[{"href":"https:\/\/www.caririemacao.com\/1\/wp-json\/wp\/v2\/posts\/262669","targetHints":{"allow":["GET"]}}],"collection":[{"href":"https:\/\/www.caririemacao.com\/1\/wp-json\/wp\/v2\/posts"}],"about":[{"href":"https:\/\/www.caririemacao.com\/1\/wp-json\/wp\/v2\/types\/post"}],"author":[{"embeddable":true,"href":"https:\/\/www.caririemacao.com\/1\/wp-json\/wp\/v2\/users\/6"}],"replies":[{"embeddable":true,"href":"https:\/\/www.caririemacao.com\/1\/wp-json\/wp\/v2\/comments?post=262669"}],"version-history":[{"count":1,"href":"https:\/\/www.caririemacao.com\/1\/wp-json\/wp\/v2\/posts\/262669\/revisions"}],"predecessor-version":[{"id":262670,"href":"https:\/\/www.caririemacao.com\/1\/wp-json\/wp\/v2\/posts\/262669\/revisions\/262670"}],"wp:featuredmedia":[{"embeddable":true,"href":"https:\/\/www.caririemacao.com\/1\/wp-json\/wp\/v2\/media\/261225"}],"wp:attachment":[{"href":"https:\/\/www.caririemacao.com\/1\/wp-json\/wp\/v2\/media?parent=262669"}],"wp:term":[{"taxonomy":"category","embeddable":true,"href":"https:\/\/www.caririemacao.com\/1\/wp-json\/wp\/v2\/categories?post=262669"},{"taxonomy":"post_tag","embeddable":true,"href":"https:\/\/www.caririemacao.com\/1\/wp-json\/wp\/v2\/tags?post=262669"}],"curies":[{"name":"wp","href":"https:\/\/api.w.org\/{rel}","templated":true}]}}