{"id":262675,"date":"2023-01-30T09:34:09","date_gmt":"2023-01-30T12:34:09","guid":{"rendered":"https:\/\/www.caririemacao.com\/1\/?p=262675"},"modified":"2023-01-30T09:34:09","modified_gmt":"2023-01-30T12:34:09","slug":"covid-19-ainda-e-uma-emergencia-global-de-saude-decide-oms","status":"publish","type":"post","link":"https:\/\/www.caririemacao.com\/1\/2023\/01\/30\/covid-19-ainda-e-uma-emergencia-global-de-saude-decide-oms\/","title":{"rendered":"Covid-19 ainda \u00e9 uma emerg\u00eancia global de sa\u00fade, decide OMS"},"content":{"rendered":"<header class=\"pg-newDetail__header\">\n<div class=\"gs-container\">\n<div class=\"pg-newDetail__header__content\">\n<p class=\"pg-newDetail__resume\"><em><strong>Comit\u00ea reconheceu que pandemia est\u00e1 em &#8216;ponto de transi\u00e7\u00e3o&#8217;, mas recomendou a manuten\u00e7\u00e3o do n\u00edvel m\u00e1ximo de alerta em rela\u00e7\u00e3o \u00e0 doen\u00e7a.<\/strong><\/em><\/p>\n<p>Ap\u00f3s orienta\u00e7\u00e3o do Comit\u00ea de Emerg\u00eancia de Regulamentos Sanit\u00e1rios Internacionais sobre a Covid-19, que se reuniu na \u00faltima sexta-feira, o diretor-geral da Organiza\u00e7\u00e3o Mundial da Sa\u00fade (OMS), Tedros Adhanom Ghebreyesus, determinou que a doen\u00e7a continua a constituir uma emerg\u00eancia de sa\u00fade p\u00fablica de interesse internacional (PHEIC), n\u00edvel de alerta m\u00e1ximo da organiza\u00e7\u00e3o.<\/p>\n<p>Embora n\u00e3o exista uma classifica\u00e7\u00e3o oficial de que uma doen\u00e7a represente uma pandemia, o fim da emerg\u00eancia mundial seria o mais pr\u00f3ximo de uma declara\u00e7\u00e3o de que a pandemia do novo coronav\u00edrus chegou ao fim.<\/p>\n<p>\u201cO Diretor-Geral reconhece as opini\u00f5es do Comit\u00ea de que a pandemia de Covid-19 provavelmente est\u00e1 em um ponto de transi\u00e7\u00e3o e agradece o conselho do Comit\u00ea de navegar com cuidado por essa transi\u00e7\u00e3o e mitigar as poss\u00edveis consequ\u00eancias negativas\u201d, diz nota da OMS sobre a manuten\u00e7\u00e3o do status.<\/p>\n<p>FONTE: Click PB<\/p>\n<\/div>\n<\/div>\n<\/header>\n<div class=\"pg-newDetail__main gs-container\"><\/div>\n","protected":false},"excerpt":{"rendered":"<p>Comit\u00ea reconheceu que pandemia est\u00e1 em &#8216;ponto de transi\u00e7\u00e3o&#8217;, mas recomendou a manuten\u00e7\u00e3o do n\u00edvel m\u00e1ximo de alerta em rela\u00e7\u00e3o \u00e0 doen\u00e7a. Ap\u00f3s orienta\u00e7\u00e3o do&hellip; <\/p>\n","protected":false},"author":6,"featured_media":262676,"comment_status":"closed","ping_status":"closed","sticky":false,"template":"","format":"standard","meta":{"sfsi_plus_gutenberg_text_before_share":"","sfsi_plus_gutenberg_show_text_before_share":"","sfsi_plus_gutenberg_icon_type":"","sfsi_plus_gutenberg_icon_alignemt":"","sfsi_plus_gutenburg_max_per_row":"","footnotes":""},"categories":[50],"tags":[],"class_list":["post-262675","post","type-post","status-publish","format-standard","has-post-thumbnail","hentry","category-destaque"],"_links":{"self":[{"href":"https:\/\/www.caririemacao.com\/1\/wp-json\/wp\/v2\/posts\/262675","targetHints":{"allow":["GET"]}}],"collection":[{"href":"https:\/\/www.caririemacao.com\/1\/wp-json\/wp\/v2\/posts"}],"about":[{"href":"https:\/\/www.caririemacao.com\/1\/wp-json\/wp\/v2\/types\/post"}],"author":[{"embeddable":true,"href":"https:\/\/www.caririemacao.com\/1\/wp-json\/wp\/v2\/users\/6"}],"replies":[{"embeddable":true,"href":"https:\/\/www.caririemacao.com\/1\/wp-json\/wp\/v2\/comments?post=262675"}],"version-history":[{"count":1,"href":"https:\/\/www.caririemacao.com\/1\/wp-json\/wp\/v2\/posts\/262675\/revisions"}],"predecessor-version":[{"id":262677,"href":"https:\/\/www.caririemacao.com\/1\/wp-json\/wp\/v2\/posts\/262675\/revisions\/262677"}],"wp:featuredmedia":[{"embeddable":true,"href":"https:\/\/www.caririemacao.com\/1\/wp-json\/wp\/v2\/media\/262676"}],"wp:attachment":[{"href":"https:\/\/www.caririemacao.com\/1\/wp-json\/wp\/v2\/media?parent=262675"}],"wp:term":[{"taxonomy":"category","embeddable":true,"href":"https:\/\/www.caririemacao.com\/1\/wp-json\/wp\/v2\/categories?post=262675"},{"taxonomy":"post_tag","embeddable":true,"href":"https:\/\/www.caririemacao.com\/1\/wp-json\/wp\/v2\/tags?post=262675"}],"curies":[{"name":"wp","href":"https:\/\/api.w.org\/{rel}","templated":true}]}}