{"id":262678,"date":"2023-01-30T09:35:49","date_gmt":"2023-01-30T12:35:49","guid":{"rendered":"https:\/\/www.caririemacao.com\/1\/?p=262678"},"modified":"2023-01-30T09:35:49","modified_gmt":"2023-01-30T12:35:49","slug":"pagamento-dos-servidores-estaduais-comeca-nesta-segunda-feira","status":"publish","type":"post","link":"https:\/\/www.caririemacao.com\/1\/2023\/01\/30\/pagamento-dos-servidores-estaduais-comeca-nesta-segunda-feira\/","title":{"rendered":"Pagamento dos servidores estaduais come\u00e7a nesta segunda-feira"},"content":{"rendered":"<header class=\"pg-newDetail__header\">\n<div class=\"gs-container\">\n<div class=\"pg-newDetail__header__content\">\n<p class=\"pg-newDetail__resume\"><em><strong>A programa\u00e7\u00e3o da folha de janeiro foi anunciada pelo governador Jo\u00e3o Azev\u00eado na \u00faltima segunda-feira (23).<\/strong><\/em><\/p>\n<\/div>\n<\/div>\n<\/header>\n<div class=\"pg-newDetail__main gs-container\">\n<p>O pagamento dos servidores estaduais \u2014 referente \u00e0 folha de janeiro \u2014 come\u00e7a nesta segunda-feira (30), quando recebem aposentados, pensionistas e reformados.<\/p>\n<p>J\u00e1 nesta ter\u00e7a-feira (31), ser\u00e1 a vez dos servidores da ativa, incluindo tanto a administra\u00e7\u00e3o direta quanto a indireta.<\/p>\n<p>A programa\u00e7\u00e3o da folha de janeiro foi anunciada pelo governador Jo\u00e3o Azev\u00eado na \u00faltima segunda-feira (23), no programa semanal &#8220;Conversa com o governador&#8221;, transmitido em cadeia estadual pela r\u00e1dio Tabajara.<\/p>\n<p>Na ocasi\u00e3o, o chefe do Executivo estadual destacou que o pagamento dos servidores, dentro do m\u00eas trabalhado, \u00e9 um compromisso assumido desde o in\u00edcio da primeira gest\u00e3o. &#8220;\u00c9 um compromisso que honramos desde janeiro de 2019, pagando o sal\u00e1rio do servidor p\u00fablico dentro do m\u00eas trabalhado&#8221;, comentou Jo\u00e3o Azev\u00eado.<\/p>\n<p><strong>Calend\u00e1rio\u00a0<\/strong><\/p>\n<ul>\n<li>30\/01 &#8211; aposentados, pensionistas e reformados;<\/li>\n<li>31\/01 &#8211; servidores da ativa (administra\u00e7\u00f5es direta e indireta)<\/li>\n<\/ul>\n<p>FONTE: Click PB<\/p>\n<\/div>\n","protected":false},"excerpt":{"rendered":"<p>A programa\u00e7\u00e3o da folha de janeiro foi anunciada pelo governador Jo\u00e3o Azev\u00eado na \u00faltima segunda-feira (23). O pagamento dos servidores estaduais \u2014 referente \u00e0 folha&hellip; <\/p>\n","protected":false},"author":6,"featured_media":262679,"comment_status":"closed","ping_status":"closed","sticky":false,"template":"","format":"standard","meta":{"sfsi_plus_gutenberg_text_before_share":"","sfsi_plus_gutenberg_show_text_before_share":"","sfsi_plus_gutenberg_icon_type":"","sfsi_plus_gutenberg_icon_alignemt":"","sfsi_plus_gutenburg_max_per_row":"","footnotes":""},"categories":[50],"tags":[],"class_list":["post-262678","post","type-post","status-publish","format-standard","has-post-thumbnail","hentry","category-destaque"],"_links":{"self":[{"href":"https:\/\/www.caririemacao.com\/1\/wp-json\/wp\/v2\/posts\/262678","targetHints":{"allow":["GET"]}}],"collection":[{"href":"https:\/\/www.caririemacao.com\/1\/wp-json\/wp\/v2\/posts"}],"about":[{"href":"https:\/\/www.caririemacao.com\/1\/wp-json\/wp\/v2\/types\/post"}],"author":[{"embeddable":true,"href":"https:\/\/www.caririemacao.com\/1\/wp-json\/wp\/v2\/users\/6"}],"replies":[{"embeddable":true,"href":"https:\/\/www.caririemacao.com\/1\/wp-json\/wp\/v2\/comments?post=262678"}],"version-history":[{"count":1,"href":"https:\/\/www.caririemacao.com\/1\/wp-json\/wp\/v2\/posts\/262678\/revisions"}],"predecessor-version":[{"id":262680,"href":"https:\/\/www.caririemacao.com\/1\/wp-json\/wp\/v2\/posts\/262678\/revisions\/262680"}],"wp:featuredmedia":[{"embeddable":true,"href":"https:\/\/www.caririemacao.com\/1\/wp-json\/wp\/v2\/media\/262679"}],"wp:attachment":[{"href":"https:\/\/www.caririemacao.com\/1\/wp-json\/wp\/v2\/media?parent=262678"}],"wp:term":[{"taxonomy":"category","embeddable":true,"href":"https:\/\/www.caririemacao.com\/1\/wp-json\/wp\/v2\/categories?post=262678"},{"taxonomy":"post_tag","embeddable":true,"href":"https:\/\/www.caririemacao.com\/1\/wp-json\/wp\/v2\/tags?post=262678"}],"curies":[{"name":"wp","href":"https:\/\/api.w.org\/{rel}","templated":true}]}}