{"id":262684,"date":"2023-01-30T10:00:54","date_gmt":"2023-01-30T13:00:54","guid":{"rendered":"https:\/\/www.caririemacao.com\/1\/?p=262684"},"modified":"2023-01-30T10:00:54","modified_gmt":"2023-01-30T13:00:54","slug":"prefeito-de-prata-anuncia-construcao-de-novo-portal-turistico-veja-como-vai-ficar","status":"publish","type":"post","link":"https:\/\/www.caririemacao.com\/1\/2023\/01\/30\/prefeito-de-prata-anuncia-construcao-de-novo-portal-turistico-veja-como-vai-ficar\/","title":{"rendered":"Prefeito de Prata anuncia constru\u00e7\u00e3o de novo portal tur\u00edstico; veja como vai ficar"},"content":{"rendered":"<p>A prefeitura municipal de Prata atrav\u00e9s do prefeito Genivaldo Temb\u00f3rio, neste m\u00eas de janeiro relatou in\u00fameras a\u00e7\u00f5es que ir\u00e3o ser executadas este ano no munic\u00edpio da Prata. Desta vez o gestor ir\u00e1 construir um portal tur\u00edstico na sa\u00edda para Ouro Velho, gra\u00e7as a uma emenda parlamentar do Deputado Federal Wellington Roberto no Valor de R$ 300.000,00.<\/p>\n<p>\u201cIniciamos em janeiro com uma excelente novidade: em breve, nossa cidade vai ganhar um portal, algo grandioso, pensado como um projeto \u00fanico, que possa unir elementos que caracterizam Prata e que seja respons\u00e1vel por alavancar o turismo do nosso munic\u00edpio\u201d, comentou o Prefeito.<\/p>\n<p>As imagens compartilhadas pelo prefeito foram projetadas por um sistema de computador e mostram como a obra deve ficar quando estiver pronta.<\/p>\n<p>Genivaldo Temb\u00f3rio destacou ainda que a obra tem uma rela\u00e7\u00e3o com o sentimento de carinho e de amor dos pratenses pela sua terra.<\/p>\n<p>P\u00f3rticos e portais de entrada s\u00e3o constru\u00e7\u00f5es muito comuns em cidades de elevado potencial tur\u00edstico. O projeto pensado pela equipe de projetistas da gest\u00e3o atual, leva em conta uma s\u00e9rie de detalhes que fazem refer\u00eancia a pontos da hist\u00f3ria de Prata, o munic\u00edpio \u00e9 refer\u00eancia em leite de cabra e no portal ter\u00e1 essa refer\u00eancia.<\/p>\n<p>Informa\u00e7\u00f5es do site Portal Cariri PB<\/p>\n","protected":false},"excerpt":{"rendered":"<p>A prefeitura municipal de Prata atrav\u00e9s do prefeito Genivaldo Temb\u00f3rio, neste m\u00eas de janeiro relatou in\u00fameras a\u00e7\u00f5es que ir\u00e3o ser executadas este ano no munic\u00edpio&hellip; <\/p>\n","protected":false},"author":6,"featured_media":262685,"comment_status":"closed","ping_status":"closed","sticky":false,"template":"","format":"standard","meta":{"sfsi_plus_gutenberg_text_before_share":"","sfsi_plus_gutenberg_show_text_before_share":"","sfsi_plus_gutenberg_icon_type":"","sfsi_plus_gutenberg_icon_alignemt":"","sfsi_plus_gutenburg_max_per_row":"","footnotes":""},"categories":[1],"tags":[],"class_list":["post-262684","post","type-post","status-publish","format-standard","has-post-thumbnail","hentry","category-o-site"],"_links":{"self":[{"href":"https:\/\/www.caririemacao.com\/1\/wp-json\/wp\/v2\/posts\/262684","targetHints":{"allow":["GET"]}}],"collection":[{"href":"https:\/\/www.caririemacao.com\/1\/wp-json\/wp\/v2\/posts"}],"about":[{"href":"https:\/\/www.caririemacao.com\/1\/wp-json\/wp\/v2\/types\/post"}],"author":[{"embeddable":true,"href":"https:\/\/www.caririemacao.com\/1\/wp-json\/wp\/v2\/users\/6"}],"replies":[{"embeddable":true,"href":"https:\/\/www.caririemacao.com\/1\/wp-json\/wp\/v2\/comments?post=262684"}],"version-history":[{"count":1,"href":"https:\/\/www.caririemacao.com\/1\/wp-json\/wp\/v2\/posts\/262684\/revisions"}],"predecessor-version":[{"id":262686,"href":"https:\/\/www.caririemacao.com\/1\/wp-json\/wp\/v2\/posts\/262684\/revisions\/262686"}],"wp:featuredmedia":[{"embeddable":true,"href":"https:\/\/www.caririemacao.com\/1\/wp-json\/wp\/v2\/media\/262685"}],"wp:attachment":[{"href":"https:\/\/www.caririemacao.com\/1\/wp-json\/wp\/v2\/media?parent=262684"}],"wp:term":[{"taxonomy":"category","embeddable":true,"href":"https:\/\/www.caririemacao.com\/1\/wp-json\/wp\/v2\/categories?post=262684"},{"taxonomy":"post_tag","embeddable":true,"href":"https:\/\/www.caririemacao.com\/1\/wp-json\/wp\/v2\/tags?post=262684"}],"curies":[{"name":"wp","href":"https:\/\/api.w.org\/{rel}","templated":true}]}}