{"id":262687,"date":"2023-01-30T10:01:54","date_gmt":"2023-01-30T13:01:54","guid":{"rendered":"https:\/\/www.caririemacao.com\/1\/?p=262687"},"modified":"2023-01-30T10:01:54","modified_gmt":"2023-01-30T13:01:54","slug":"prefeitura-de-caraubas-divulga-atendimentos-em-especialidades-para-fevereiro-confira","status":"publish","type":"post","link":"https:\/\/www.caririemacao.com\/1\/2023\/01\/30\/prefeitura-de-caraubas-divulga-atendimentos-em-especialidades-para-fevereiro-confira\/","title":{"rendered":"Prefeitura de Cara\u00fabas divulga atendimentos em especialidades para fevereiro; confira"},"content":{"rendered":"<p>A Prefeitura de Cara\u00fabas atrav\u00e9s da Secretaria de Sa\u00fade divulgou na manh\u00e3 desta segunda-feira (30), o calend\u00e1rio de atendimentos em especialidades para o m\u00eas de fevereiro.<\/p>\n<p>De acordo com o calend\u00e1rio divulgado pela Secretaria de Sa\u00fade, os atendimentos do m\u00eas de fevereiro, ser\u00e3o para dermatologista, ortopedista, cirurgias de pter\u00edgios e ultrassom.<\/p>\n<p>Em contato com a reportagem, o prefeito Silvano Dudu, falou sobre as atividades da Secretaria de Sa\u00fade e parabenizou toda a equipe pelo brilhante trabalho desempenhado.<\/p>\n<p>\u201c\u00c9 um grande trabalho que a Secretaria de Sa\u00fade est\u00e1 desempenhando em favor da nossa popula\u00e7\u00e3o, com a\u00e7\u00f5es voltadas diariamente ao bem-estar de toda Cara\u00fabas,\u201d falou.<\/p>\n<p><strong>VEJA O CALEND\u00c1RIO DE ATENDIMENTOS:<\/strong><\/p>\n<p>Ultrassom \u2013 Dr. Rodrigo \u2013 13\/02<\/p>\n<p>Turmo da tarde \u2013 Dermatologista \u2013 Dr. Luiz \u2013 15\/02<\/p>\n<p>Ortopedista \u2013 Dr. Mikael Duarte \u2013 23\/02<\/p>\n<p>10 cirurgia de pter\u00edgios no cisco as 07h \u2013 16\/02<\/p>\n","protected":false},"excerpt":{"rendered":"<p>A Prefeitura de Cara\u00fabas atrav\u00e9s da Secretaria de Sa\u00fade divulgou na manh\u00e3 desta segunda-feira (30), o calend\u00e1rio de atendimentos em especialidades para o m\u00eas de&hellip; <\/p>\n","protected":false},"author":6,"featured_media":262688,"comment_status":"closed","ping_status":"closed","sticky":false,"template":"","format":"standard","meta":{"sfsi_plus_gutenberg_text_before_share":"","sfsi_plus_gutenberg_show_text_before_share":"","sfsi_plus_gutenberg_icon_type":"","sfsi_plus_gutenberg_icon_alignemt":"","sfsi_plus_gutenburg_max_per_row":"","footnotes":""},"categories":[1],"tags":[],"class_list":["post-262687","post","type-post","status-publish","format-standard","has-post-thumbnail","hentry","category-o-site"],"_links":{"self":[{"href":"https:\/\/www.caririemacao.com\/1\/wp-json\/wp\/v2\/posts\/262687","targetHints":{"allow":["GET"]}}],"collection":[{"href":"https:\/\/www.caririemacao.com\/1\/wp-json\/wp\/v2\/posts"}],"about":[{"href":"https:\/\/www.caririemacao.com\/1\/wp-json\/wp\/v2\/types\/post"}],"author":[{"embeddable":true,"href":"https:\/\/www.caririemacao.com\/1\/wp-json\/wp\/v2\/users\/6"}],"replies":[{"embeddable":true,"href":"https:\/\/www.caririemacao.com\/1\/wp-json\/wp\/v2\/comments?post=262687"}],"version-history":[{"count":1,"href":"https:\/\/www.caririemacao.com\/1\/wp-json\/wp\/v2\/posts\/262687\/revisions"}],"predecessor-version":[{"id":262689,"href":"https:\/\/www.caririemacao.com\/1\/wp-json\/wp\/v2\/posts\/262687\/revisions\/262689"}],"wp:featuredmedia":[{"embeddable":true,"href":"https:\/\/www.caririemacao.com\/1\/wp-json\/wp\/v2\/media\/262688"}],"wp:attachment":[{"href":"https:\/\/www.caririemacao.com\/1\/wp-json\/wp\/v2\/media?parent=262687"}],"wp:term":[{"taxonomy":"category","embeddable":true,"href":"https:\/\/www.caririemacao.com\/1\/wp-json\/wp\/v2\/categories?post=262687"},{"taxonomy":"post_tag","embeddable":true,"href":"https:\/\/www.caririemacao.com\/1\/wp-json\/wp\/v2\/tags?post=262687"}],"curies":[{"name":"wp","href":"https:\/\/api.w.org\/{rel}","templated":true}]}}