{"id":262691,"date":"2023-01-30T12:18:47","date_gmt":"2023-01-30T15:18:47","guid":{"rendered":"https:\/\/www.caririemacao.com\/1\/?p=262691"},"modified":"2023-01-30T12:18:47","modified_gmt":"2023-01-30T15:18:47","slug":"informe-publicitario-janeiro-branco-secretaria-de-saude-realiza-acoes-chamando-atencao-para-a-saude-mental","status":"publish","type":"post","link":"https:\/\/www.caririemacao.com\/1\/2023\/01\/30\/informe-publicitario-janeiro-branco-secretaria-de-saude-realiza-acoes-chamando-atencao-para-a-saude-mental\/","title":{"rendered":"INFORME PUBLICIT\u00c1RIO: Janeiro Branco: Secretaria de Sa\u00fade realiza a\u00e7\u00f5es chamando aten\u00e7\u00e3o para a sa\u00fade mental"},"content":{"rendered":"<p>A Secretaria de Sa\u00fade de Sum\u00e9 realiza atividades em alus\u00e3o ao \u201cJaneiro Branco\u201d. A campanha visa promover a\u00e7\u00f5es em prol da sa\u00fade emocional das pessoas.<\/p>\n<p>Nessa segunda-feira, 30, ocorreu uma a\u00e7\u00e3o relacionada \u00e0 campanha no centro da cidade, ao lado do Sum\u00e9 Shopping, com a execu\u00e7\u00e3o de atividades de vacina, aferi\u00e7\u00e3o de press\u00e3o, glicemia capilar, e tamb\u00e9m, em parceria com a Escola Agrot\u00e9cnica, distribui\u00e7\u00e3o de mudas de plantas e sach\u00eas de ch\u00e1 de camomila.<\/p>\n<p>Atendidos no local, os populares, Daniel Barbosa, do s\u00edtio Quixaba, Jailma Sueli, do Conjunto e Jean Chaves e Luiza Rosa de Santana, do centro, elogiaram o atendimento e destacaram a import\u00e2ncia da a\u00e7\u00e3o no centro da cidade por ser algo bem acess\u00edvel ao p\u00fablico.<\/p>\n<p>Para a coordenadora da Aten\u00e7\u00e3o B\u00e1sica do munic\u00edpio, Fernanda Valadares, esse acolhimento da popula\u00e7\u00e3o \u00e9 fundamental para o bom andamento da campanha.<\/p>\n<p>Ela salientou tamb\u00e9m que a determina\u00e7\u00e3o do prefeito \u00c9den e da secret\u00e1ria Tanniery L\u00eala, \u00e9 para que a organiza\u00e7\u00e3o das atividades busque sempre atender \u00e0s necessidades das pessoas, conforme o dia a dia das unidades.<\/p>\n<p>A Campanha Janeiro Branco segue acontecendo em todas as unidades de sa\u00fade da cidade e da zona rural, at\u00e9 o m\u00eas de fevereiro, chamando aten\u00e7\u00e3o da popula\u00e7\u00e3o sobre os cuidados com a sa\u00fade mental.<\/p>\n<p><img fetchpriority=\"high\" decoding=\"async\" class=\" wp-image-245129 aligncenter\" src=\"https:\/\/www.caririemacao.com\/1\/wp-content\/uploads\/2022\/04\/LOGO-SUME.jpg\" alt=\"\" width=\"264\" height=\"264\" srcset=\"https:\/\/www.caririemacao.com\/1\/wp-content\/uploads\/2022\/04\/LOGO-SUME.jpg 206w, https:\/\/www.caririemacao.com\/1\/wp-content\/uploads\/2022\/04\/LOGO-SUME-150x150.jpg 150w\" sizes=\"(max-width: 264px) 100vw, 264px\" \/><\/p>\n<p>&nbsp;<\/p>\n","protected":false},"excerpt":{"rendered":"<p>A Secretaria de Sa\u00fade de Sum\u00e9 realiza atividades em alus\u00e3o ao \u201cJaneiro Branco\u201d. A campanha visa promover a\u00e7\u00f5es em prol da sa\u00fade emocional das pessoas.&hellip; <\/p>\n","protected":false},"author":6,"featured_media":262692,"comment_status":"closed","ping_status":"closed","sticky":false,"template":"","format":"standard","meta":{"sfsi_plus_gutenberg_text_before_share":"","sfsi_plus_gutenberg_show_text_before_share":"","sfsi_plus_gutenberg_icon_type":"","sfsi_plus_gutenberg_icon_alignemt":"","sfsi_plus_gutenburg_max_per_row":"","footnotes":""},"categories":[95],"tags":[],"class_list":["post-262691","post","type-post","status-publish","format-standard","has-post-thumbnail","hentry","category-sume"],"_links":{"self":[{"href":"https:\/\/www.caririemacao.com\/1\/wp-json\/wp\/v2\/posts\/262691","targetHints":{"allow":["GET"]}}],"collection":[{"href":"https:\/\/www.caririemacao.com\/1\/wp-json\/wp\/v2\/posts"}],"about":[{"href":"https:\/\/www.caririemacao.com\/1\/wp-json\/wp\/v2\/types\/post"}],"author":[{"embeddable":true,"href":"https:\/\/www.caririemacao.com\/1\/wp-json\/wp\/v2\/users\/6"}],"replies":[{"embeddable":true,"href":"https:\/\/www.caririemacao.com\/1\/wp-json\/wp\/v2\/comments?post=262691"}],"version-history":[{"count":1,"href":"https:\/\/www.caririemacao.com\/1\/wp-json\/wp\/v2\/posts\/262691\/revisions"}],"predecessor-version":[{"id":262693,"href":"https:\/\/www.caririemacao.com\/1\/wp-json\/wp\/v2\/posts\/262691\/revisions\/262693"}],"wp:featuredmedia":[{"embeddable":true,"href":"https:\/\/www.caririemacao.com\/1\/wp-json\/wp\/v2\/media\/262692"}],"wp:attachment":[{"href":"https:\/\/www.caririemacao.com\/1\/wp-json\/wp\/v2\/media?parent=262691"}],"wp:term":[{"taxonomy":"category","embeddable":true,"href":"https:\/\/www.caririemacao.com\/1\/wp-json\/wp\/v2\/categories?post=262691"},{"taxonomy":"post_tag","embeddable":true,"href":"https:\/\/www.caririemacao.com\/1\/wp-json\/wp\/v2\/tags?post=262691"}],"curies":[{"name":"wp","href":"https:\/\/api.w.org\/{rel}","templated":true}]}}