{"id":262697,"date":"2023-01-30T12:21:54","date_gmt":"2023-01-30T15:21:54","guid":{"rendered":"https:\/\/www.caririemacao.com\/1\/?p=262697"},"modified":"2023-01-30T12:21:54","modified_gmt":"2023-01-30T15:21:54","slug":"em-postagem-nas-redes-sociais-dr-romualdo-destaca-expectativa-para-mandato-na-alpb-o-cariri-vai-tomar-posse","status":"publish","type":"post","link":"https:\/\/www.caririemacao.com\/1\/2023\/01\/30\/em-postagem-nas-redes-sociais-dr-romualdo-destaca-expectativa-para-mandato-na-alpb-o-cariri-vai-tomar-posse\/","title":{"rendered":"Em postagem nas redes sociais, Dr. Romualdo destaca expectativa para mandato na ALPB: \u2018O Cariri vai tomar posse\u2019"},"content":{"rendered":"<p>Na semana que antecede sua posse, o deputado Dr. Romualdo exibiu uma s\u00e9rie de v\u00eddeos em suas redes sociais, onde aparece o povo do Cariri, em diversos seguimentos, como agricultura, caprinocultura e outros. Os v\u00eddeos s\u00e3o imagens captadas em suas andan\u00e7as pela regi\u00e3o e escutando as principais necessidades. A s\u00e9rie \u00e9 intitulada: \u201cO Cariri vai tomar posse\u2019.<\/p>\n<p><img fetchpriority=\"high\" decoding=\"async\" class=\"size-medium wp-image-84695 aligncenter\" src=\"https:\/\/www.blogdobrunolira.com.br\/wp-content\/uploads\/2023\/01\/efgfttt-300x176.jpg\" sizes=\"(max-width: 300px) 100vw, 300px\" srcset=\"https:\/\/www.blogdobrunolira.com.br\/wp-content\/uploads\/2023\/01\/efgfttt-300x176.jpg 300w, https:\/\/www.blogdobrunolira.com.br\/wp-content\/uploads\/2023\/01\/efgfttt-768x451.jpg 768w, https:\/\/www.blogdobrunolira.com.br\/wp-content\/uploads\/2023\/01\/efgfttt.jpg 1021w\" alt=\"\" width=\"300\" height=\"176\" data-attachment-id=\"84695\" data-permalink=\"https:\/\/www.blogdobrunolira.com.br\/2023\/01\/em-postagem-nas-redes-sociais-dr-romualdo-destaca-expectativa-para-mandato-na-alpb-o-cariri-vai-tomar-posse\/efgfttt\/\" data-orig-file=\"https:\/\/www.blogdobrunolira.com.br\/wp-content\/uploads\/2023\/01\/efgfttt.jpg\" data-orig-size=\"1021,600\" data-comments-opened=\"1\" data-image-meta=\"{&quot;aperture&quot;:&quot;0&quot;,&quot;credit&quot;:&quot;&quot;,&quot;camera&quot;:&quot;&quot;,&quot;caption&quot;:&quot;&quot;,&quot;created_timestamp&quot;:&quot;0&quot;,&quot;copyright&quot;:&quot;&quot;,&quot;focal_length&quot;:&quot;0&quot;,&quot;iso&quot;:&quot;0&quot;,&quot;shutter_speed&quot;:&quot;0&quot;,&quot;title&quot;:&quot;&quot;,&quot;orientation&quot;:&quot;1&quot;}\" data-image-title=\"efgfttt\" data-image-description=\"\" data-medium-file=\"https:\/\/www.blogdobrunolira.com.br\/wp-content\/uploads\/2023\/01\/efgfttt-300x176.jpg\" data-large-file=\"https:\/\/www.blogdobrunolira.com.br\/wp-content\/uploads\/2023\/01\/efgfttt.jpg\" \/><\/p>\n<p>Dr. Romualdo foi eleito com mais de 24 mil votos e recebeu praticamente toda essa vota\u00e7\u00e3o na regi\u00e3o do Cariri. Romualdo vai tomar posse na pr\u00f3xima quarta-feira (1), como deputado estadual da Para\u00edba. M\u00e9dico, Romualdo j\u00e1 administrou a cidade do Congo por tr\u00eas vezes e \u00e9 considerado uma revela\u00e7\u00e3o nos bastidores da pol\u00edtica, por conseguir se eleger sem grandes estruturas financeiras lhe apoiando.<\/p>\n<p>&nbsp;<\/p>\n<p><strong>CARIRI EM A\u00c7\u00c3O<\/strong><\/p>\n<p>Com Para\u00edba Mix<\/p>\n","protected":false},"excerpt":{"rendered":"<p>Na semana que antecede sua posse, o deputado Dr. Romualdo exibiu uma s\u00e9rie de v\u00eddeos em suas redes sociais, onde aparece o povo do Cariri,&hellip; <\/p>\n","protected":false},"author":6,"featured_media":262698,"comment_status":"closed","ping_status":"closed","sticky":false,"template":"","format":"standard","meta":{"sfsi_plus_gutenberg_text_before_share":"","sfsi_plus_gutenberg_show_text_before_share":"","sfsi_plus_gutenberg_icon_type":"","sfsi_plus_gutenberg_icon_alignemt":"","sfsi_plus_gutenburg_max_per_row":"","footnotes":""},"categories":[106],"tags":[],"class_list":["post-262697","post","type-post","status-publish","format-standard","has-post-thumbnail","hentry","category-cariri"],"_links":{"self":[{"href":"https:\/\/www.caririemacao.com\/1\/wp-json\/wp\/v2\/posts\/262697","targetHints":{"allow":["GET"]}}],"collection":[{"href":"https:\/\/www.caririemacao.com\/1\/wp-json\/wp\/v2\/posts"}],"about":[{"href":"https:\/\/www.caririemacao.com\/1\/wp-json\/wp\/v2\/types\/post"}],"author":[{"embeddable":true,"href":"https:\/\/www.caririemacao.com\/1\/wp-json\/wp\/v2\/users\/6"}],"replies":[{"embeddable":true,"href":"https:\/\/www.caririemacao.com\/1\/wp-json\/wp\/v2\/comments?post=262697"}],"version-history":[{"count":1,"href":"https:\/\/www.caririemacao.com\/1\/wp-json\/wp\/v2\/posts\/262697\/revisions"}],"predecessor-version":[{"id":262699,"href":"https:\/\/www.caririemacao.com\/1\/wp-json\/wp\/v2\/posts\/262697\/revisions\/262699"}],"wp:featuredmedia":[{"embeddable":true,"href":"https:\/\/www.caririemacao.com\/1\/wp-json\/wp\/v2\/media\/262698"}],"wp:attachment":[{"href":"https:\/\/www.caririemacao.com\/1\/wp-json\/wp\/v2\/media?parent=262697"}],"wp:term":[{"taxonomy":"category","embeddable":true,"href":"https:\/\/www.caririemacao.com\/1\/wp-json\/wp\/v2\/categories?post=262697"},{"taxonomy":"post_tag","embeddable":true,"href":"https:\/\/www.caririemacao.com\/1\/wp-json\/wp\/v2\/tags?post=262697"}],"curies":[{"name":"wp","href":"https:\/\/api.w.org\/{rel}","templated":true}]}}