{"id":263338,"date":"2023-02-13T08:09:01","date_gmt":"2023-02-13T11:09:01","guid":{"rendered":"https:\/\/www.caririemacao.com\/1\/?p=263338"},"modified":"2023-02-13T08:09:01","modified_gmt":"2023-02-13T11:09:01","slug":"sume-vereador-dida-alves-participa-de-audiencia-com-o-prefeito-eden-e-afirma-que-foram-apresentadas-algumas-demandas-da-populacao","status":"publish","type":"post","link":"https:\/\/www.caririemacao.com\/1\/2023\/02\/13\/sume-vereador-dida-alves-participa-de-audiencia-com-o-prefeito-eden-e-afirma-que-foram-apresentadas-algumas-demandas-da-populacao\/","title":{"rendered":"Sum\u00e9: vereador Dida Alves participa de audi\u00eancia com o prefeito \u00c9den e afirma que foram apresentadas algumas demandas da popula\u00e7\u00e3o"},"content":{"rendered":"<p>O vereador de Sum\u00e9, Dida Alves, participou nesta semana de uma importante reuni\u00e3o no gabinete do prefeito \u00c9den Duarte. Na oportunidade, o parlamentar apresentou algumas demandas da popula\u00e7\u00e3o, como tamb\u00e9m discutiu a busca de parcerias para viabilizar recursos para o munic\u00edpio.<\/p>\n<p>Em contato com a reportagem, o vereador sumeense destacou a receptividade do gestor e afirmou que est\u00e1 sempre em busca do di\u00e1logo pelo bem da popula\u00e7\u00e3o de Sum\u00e9.<\/p>\n<p>\u201cEstamos sempre em busca do di\u00e1logo, e de debater os assuntos pertinentes da popula\u00e7\u00e3o de Sum\u00e9. N\u00e3o existe diverg\u00eancia de ideias, quando o bem comum da coletivadade est\u00e1 em primeiro lugar,\u201d afirmou o parlamentar.<\/p>\n<p>Atrav\u00e9s das redes sociais, o prefeito \u00c9den Duarte, afirmou que na reuni\u00e3o com o parlamentar foi discutido a busca de parcerias para viabilizar recursos para o munic\u00edpio.<\/p>\n<p>Discutimos diversos assuntos com o vereador Dida Alves, dentre eles com rela\u00e7\u00e3o a busca de parcerias para viabilizar recursos para o munic\u00edpio. O vereador tamb\u00e9m nos apresentou pautas sobre demandas da popula\u00e7\u00e3o.<\/p>\n<p>&nbsp;<\/p>\n<p><strong>CARIRI EM A\u00c7\u00c3O<\/strong><\/p>\n","protected":false},"excerpt":{"rendered":"<p>O vereador de Sum\u00e9, Dida Alves, participou nesta semana de uma importante reuni\u00e3o no gabinete do prefeito \u00c9den Duarte. Na oportunidade, o parlamentar apresentou algumas&hellip; <\/p>\n","protected":false},"author":6,"featured_media":263339,"comment_status":"closed","ping_status":"closed","sticky":false,"template":"","format":"standard","meta":{"sfsi_plus_gutenberg_text_before_share":"","sfsi_plus_gutenberg_show_text_before_share":"","sfsi_plus_gutenberg_icon_type":"","sfsi_plus_gutenberg_icon_alignemt":"","sfsi_plus_gutenburg_max_per_row":"","footnotes":""},"categories":[106],"tags":[],"class_list":["post-263338","post","type-post","status-publish","format-standard","has-post-thumbnail","hentry","category-cariri"],"_links":{"self":[{"href":"https:\/\/www.caririemacao.com\/1\/wp-json\/wp\/v2\/posts\/263338","targetHints":{"allow":["GET"]}}],"collection":[{"href":"https:\/\/www.caririemacao.com\/1\/wp-json\/wp\/v2\/posts"}],"about":[{"href":"https:\/\/www.caririemacao.com\/1\/wp-json\/wp\/v2\/types\/post"}],"author":[{"embeddable":true,"href":"https:\/\/www.caririemacao.com\/1\/wp-json\/wp\/v2\/users\/6"}],"replies":[{"embeddable":true,"href":"https:\/\/www.caririemacao.com\/1\/wp-json\/wp\/v2\/comments?post=263338"}],"version-history":[{"count":1,"href":"https:\/\/www.caririemacao.com\/1\/wp-json\/wp\/v2\/posts\/263338\/revisions"}],"predecessor-version":[{"id":263340,"href":"https:\/\/www.caririemacao.com\/1\/wp-json\/wp\/v2\/posts\/263338\/revisions\/263340"}],"wp:featuredmedia":[{"embeddable":true,"href":"https:\/\/www.caririemacao.com\/1\/wp-json\/wp\/v2\/media\/263339"}],"wp:attachment":[{"href":"https:\/\/www.caririemacao.com\/1\/wp-json\/wp\/v2\/media?parent=263338"}],"wp:term":[{"taxonomy":"category","embeddable":true,"href":"https:\/\/www.caririemacao.com\/1\/wp-json\/wp\/v2\/categories?post=263338"},{"taxonomy":"post_tag","embeddable":true,"href":"https:\/\/www.caririemacao.com\/1\/wp-json\/wp\/v2\/tags?post=263338"}],"curies":[{"name":"wp","href":"https:\/\/api.w.org\/{rel}","templated":true}]}}