{"id":263743,"date":"2023-02-24T09:37:56","date_gmt":"2023-02-24T12:37:56","guid":{"rendered":"https:\/\/www.caririemacao.com\/1\/?p=263743"},"modified":"2023-02-24T09:37:56","modified_gmt":"2023-02-24T12:37:56","slug":"prefeito-onildo-mantem-audiencia-com-secretaria-de-desenvolvimento-humano-da-paraiba-e-apresenta-pleitos-para-sao-domingos-do-cariri","status":"publish","type":"post","link":"https:\/\/www.caririemacao.com\/1\/2023\/02\/24\/prefeito-onildo-mantem-audiencia-com-secretaria-de-desenvolvimento-humano-da-paraiba-e-apresenta-pleitos-para-sao-domingos-do-cariri\/","title":{"rendered":"Prefeito Onildo mant\u00e9m audi\u00eancia com secret\u00e1ria de desenvolvimento humano da Para\u00edba e apresenta pleitos para S\u00e3o Domingos do Cariri"},"content":{"rendered":"<p>O prefeito de S\u00e3o Domingos do Cariri, Onildo Lindberg, manteve audi\u00eancia em Jo\u00e3o pessoa com a secret\u00e1ria de desenvolvimento humano da Para\u00edba Polyana Dutra e apresentou v\u00e1rias demandas para munic\u00edpio.<\/p>\n<p>Na oportunidade o gestor apresentou diversas demandas para a secret\u00e1ria buscando melhorias para a cidade de S\u00e3o Domingos do Cariri.<\/p>\n<p>Na ocasi\u00e3o o prefeito estava acompanhando do procurador do munic\u00edpio Dr. Mozart e o assessor Ricardo Lima, o gestor falou da importante reuni\u00e3o: \u201cHoje mantivemos uma produtiva audi\u00eancia com a secret\u00e1ria de desenvolvimento humano Polyana Dutra que nos recebeu muito bem e apresentei v\u00e1rias demandas para nossa cidade, vou onde for preciso em busca de recursos para nossa cidade pois, o compromisso da nossa gest\u00e3o \u00e9 fazer o melhor pela nossa popula\u00e7\u00e3o\u201d, frisou o prefeito Onildo Lindberg.<\/p>\n","protected":false},"excerpt":{"rendered":"<p>O prefeito de S\u00e3o Domingos do Cariri, Onildo Lindberg, manteve audi\u00eancia em Jo\u00e3o pessoa com a secret\u00e1ria de desenvolvimento humano da Para\u00edba Polyana Dutra e&hellip; <\/p>\n","protected":false},"author":6,"featured_media":263744,"comment_status":"closed","ping_status":"closed","sticky":false,"template":"","format":"standard","meta":{"sfsi_plus_gutenberg_text_before_share":"","sfsi_plus_gutenberg_show_text_before_share":"","sfsi_plus_gutenberg_icon_type":"","sfsi_plus_gutenberg_icon_alignemt":"","sfsi_plus_gutenburg_max_per_row":"","footnotes":""},"categories":[87],"tags":[],"class_list":["post-263743","post","type-post","status-publish","format-standard","has-post-thumbnail","hentry","category-sao-domingos-do-cariri"],"_links":{"self":[{"href":"https:\/\/www.caririemacao.com\/1\/wp-json\/wp\/v2\/posts\/263743","targetHints":{"allow":["GET"]}}],"collection":[{"href":"https:\/\/www.caririemacao.com\/1\/wp-json\/wp\/v2\/posts"}],"about":[{"href":"https:\/\/www.caririemacao.com\/1\/wp-json\/wp\/v2\/types\/post"}],"author":[{"embeddable":true,"href":"https:\/\/www.caririemacao.com\/1\/wp-json\/wp\/v2\/users\/6"}],"replies":[{"embeddable":true,"href":"https:\/\/www.caririemacao.com\/1\/wp-json\/wp\/v2\/comments?post=263743"}],"version-history":[{"count":1,"href":"https:\/\/www.caririemacao.com\/1\/wp-json\/wp\/v2\/posts\/263743\/revisions"}],"predecessor-version":[{"id":263745,"href":"https:\/\/www.caririemacao.com\/1\/wp-json\/wp\/v2\/posts\/263743\/revisions\/263745"}],"wp:featuredmedia":[{"embeddable":true,"href":"https:\/\/www.caririemacao.com\/1\/wp-json\/wp\/v2\/media\/263744"}],"wp:attachment":[{"href":"https:\/\/www.caririemacao.com\/1\/wp-json\/wp\/v2\/media?parent=263743"}],"wp:term":[{"taxonomy":"category","embeddable":true,"href":"https:\/\/www.caririemacao.com\/1\/wp-json\/wp\/v2\/categories?post=263743"},{"taxonomy":"post_tag","embeddable":true,"href":"https:\/\/www.caririemacao.com\/1\/wp-json\/wp\/v2\/tags?post=263743"}],"curies":[{"name":"wp","href":"https:\/\/api.w.org\/{rel}","templated":true}]}}