{"id":263746,"date":"2023-02-24T09:39:37","date_gmt":"2023-02-24T12:39:37","guid":{"rendered":"https:\/\/www.caririemacao.com\/1\/?p=263746"},"modified":"2023-02-24T09:39:37","modified_gmt":"2023-02-24T12:39:37","slug":"com-vagas-no-cariri-inscricoes-para-concurso-do-banco-do-brasil-se-encerram-nesta-sexta","status":"publish","type":"post","link":"https:\/\/www.caririemacao.com\/1\/2023\/02\/24\/com-vagas-no-cariri-inscricoes-para-concurso-do-banco-do-brasil-se-encerram-nesta-sexta\/","title":{"rendered":"Com vagas no Cariri, inscri\u00e7\u00f5es para concurso do Banco do Brasil se encerram nesta sexta"},"content":{"rendered":"<p>Terminam nesta sexta-feira (24) as inscri\u00e7\u00f5es para o\u00a0concurso do Banco do Brasil, com\u00a042 vagas\u00a0imediatas e outras 4 oportunidades para cadastro reserva na Para\u00edba. Os interessados podem se inscrever no site da organizadora do certame, a\u00a0Funda\u00e7\u00e3o Cesgranrio.<\/p>\n<p>As inscri\u00e7\u00f5es custam R$ 50. Para se inscrever, o candidato deve optar pela\u00a0regi\u00e3o\/cidade\u00a0que quer concorrer \u00e0s vagas.<\/p>\n<ul>\n<li><a href=\"https:\/\/fcgprdstgcbb01.blob.core.windows.net\/bbrasil\/bb0122_edital.pdf\" target=\"_blank\" rel=\"noreferrer noopener\">Confira o edital completo do concurso<\/a><\/li>\n<\/ul>\n<p>Na Para\u00edba, existem vagas para as seguintes cidades: Alhandra, Bayeux, Caapor\u00e3, Cacimba de Dentro, Cai\u00e7ara, Itabaiana, Itapororoca,\u00a0Jo\u00e3o Pessoa, Lagoa de Dentro, Pilar, Pirpirituba, Rio Tinto, Alagoa Nova, Aroeiras,\u00a0<strong>Boqueir\u00e3o<\/strong>,\u00a0Campina Grande,\u00a0<strong>Caturit\u00e9<\/strong>, Fagundes, Ing\u00e1, Juazeirinho, Lagoa Seca, Picu\u00ed, Puxinan\u00e3, Rem\u00edgio,\u00a0<strong>Serra Branca, Soledade, Sum\u00e9, Tapero\u00e1<\/strong>, Umbuzeiro, Brejo do Cruz, Patos, Pianc\u00f3, S\u00e3o Bento, Tavares, Bonito de Santa F\u00e9, S\u00e3o Jo\u00e3o do Rio do Peixe, S\u00e3o Jos\u00e9 de Piranhas e Sousa.<\/p>\n<p>Em todo o pa\u00eds, s\u00e3o oferecidas seis mil vagas para todos os estados. As vagas s\u00e3o para a fun\u00e7\u00e3o de escritur\u00e1rio e exigem n\u00edvel m\u00e9dio. O sal\u00e1rio inicial \u00e9 de R$ 3.622,23 com direito a diversos aux\u00edlios e benef\u00edcios, como participa\u00e7\u00e3o nos lucros ou resultados, vale-transporte, aux\u00edlio-creche; ajuda alimenta\u00e7\u00e3o\/refei\u00e7\u00e3o, aux\u00edlio a filho com defici\u00eancia, previd\u00eancia complementar, acesso a plano de sa\u00fade, plano odontol\u00f3gico b\u00e1sico e programas de educa\u00e7\u00e3o e capacita\u00e7\u00e3o.<\/p>\n<p>As vagas de escritur\u00e1rio est\u00e3o distribu\u00eddas por dois perfis profissionais:<\/p>\n<ul>\n<li>Agente comercial (escritur\u00e1rio tradicional): profissional que atua no banco, principalmente no atendimento ao cliente, e conta com postos em todas as ag\u00eancias do pa\u00eds;<\/li>\n<li>Agente de tecnologia (escritur\u00e1rio voltado para a \u00e1rea de TI): profissional que atua na \u00e1rea de TI, com conhecimentos espec\u00edficos, e exerce tal fun\u00e7\u00e3o no Distrito Federal, em Bras\u00edlia.<\/li>\n<\/ul>\n<p>A sele\u00e7\u00e3o vai acontecer em quatro etapas, distribu\u00eddas entre avalia\u00e7\u00e3o de conhecimentos, mediante a aplica\u00e7\u00e3o de provas objetivas, de caracteres eliminat\u00f3rio e classificat\u00f3rio, prova de reda\u00e7\u00e3o, de car\u00e1ter eliminat\u00f3rio, aferi\u00e7\u00e3o da veracidade da autodeclara\u00e7\u00e3o prestada por candidatos(as) negros(as), de car\u00e1ter eliminat\u00f3rio, e procedimentos admissionais e per\u00edcia m\u00e9dica, de car\u00e1ter eliminat\u00f3rio.<\/p>\n<ul>\n<li>Vagas: 42 + 4 cadastro de reserva<\/li>\n<li>N\u00edvel: m\u00e9dio<\/li>\n<li>Cargo: Escritur\u00e1rio<\/li>\n<li>Remunera\u00e7\u00e3o: R$ 3.622,23<\/li>\n<li>Inscri\u00e7\u00f5es: at\u00e9 24 de fevereiro,\u00a0<a href=\"https:\/\/www.cesgranrio.org.br\/\" target=\"_blank\" rel=\"noreferrer noopener\">no site da Cesgranrio<\/a><\/li>\n<li><a href=\"https:\/\/fcgprdstgcbb01.blob.core.windows.net\/bbrasil\/bb0122_edital.pdf\" target=\"_blank\" rel=\"noreferrer noopener\">Edital do concurso para o Banco do Brasil<\/a><\/li>\n<\/ul>\n","protected":false},"excerpt":{"rendered":"<p>Terminam nesta sexta-feira (24) as inscri\u00e7\u00f5es para o\u00a0concurso do Banco do Brasil, com\u00a042 vagas\u00a0imediatas e outras 4 oportunidades para cadastro reserva na Para\u00edba. Os interessados&hellip; <\/p>\n","protected":false},"author":6,"featured_media":263747,"comment_status":"closed","ping_status":"closed","sticky":false,"template":"","format":"standard","meta":{"sfsi_plus_gutenberg_text_before_share":"","sfsi_plus_gutenberg_show_text_before_share":"","sfsi_plus_gutenberg_icon_type":"","sfsi_plus_gutenberg_icon_alignemt":"","sfsi_plus_gutenburg_max_per_row":"","footnotes":""},"categories":[123],"tags":[],"class_list":["post-263746","post","type-post","status-publish","format-standard","has-post-thumbnail","hentry","category-brasil"],"_links":{"self":[{"href":"https:\/\/www.caririemacao.com\/1\/wp-json\/wp\/v2\/posts\/263746","targetHints":{"allow":["GET"]}}],"collection":[{"href":"https:\/\/www.caririemacao.com\/1\/wp-json\/wp\/v2\/posts"}],"about":[{"href":"https:\/\/www.caririemacao.com\/1\/wp-json\/wp\/v2\/types\/post"}],"author":[{"embeddable":true,"href":"https:\/\/www.caririemacao.com\/1\/wp-json\/wp\/v2\/users\/6"}],"replies":[{"embeddable":true,"href":"https:\/\/www.caririemacao.com\/1\/wp-json\/wp\/v2\/comments?post=263746"}],"version-history":[{"count":1,"href":"https:\/\/www.caririemacao.com\/1\/wp-json\/wp\/v2\/posts\/263746\/revisions"}],"predecessor-version":[{"id":263748,"href":"https:\/\/www.caririemacao.com\/1\/wp-json\/wp\/v2\/posts\/263746\/revisions\/263748"}],"wp:featuredmedia":[{"embeddable":true,"href":"https:\/\/www.caririemacao.com\/1\/wp-json\/wp\/v2\/media\/263747"}],"wp:attachment":[{"href":"https:\/\/www.caririemacao.com\/1\/wp-json\/wp\/v2\/media?parent=263746"}],"wp:term":[{"taxonomy":"category","embeddable":true,"href":"https:\/\/www.caririemacao.com\/1\/wp-json\/wp\/v2\/categories?post=263746"},{"taxonomy":"post_tag","embeddable":true,"href":"https:\/\/www.caririemacao.com\/1\/wp-json\/wp\/v2\/tags?post=263746"}],"curies":[{"name":"wp","href":"https:\/\/api.w.org\/{rel}","templated":true}]}}