{"id":263750,"date":"2023-02-24T10:44:40","date_gmt":"2023-02-24T13:44:40","guid":{"rendered":"https:\/\/www.caririemacao.com\/1\/?p=263750"},"modified":"2023-02-24T17:38:10","modified_gmt":"2023-02-24T20:38:10","slug":"pastoral-da-juventude-de-sao-joao-do-cariri-realizara-lancamento-oficial-da-paixao-de-cristo-neste-sabado-25","status":"publish","type":"post","link":"https:\/\/www.caririemacao.com\/1\/2023\/02\/24\/pastoral-da-juventude-de-sao-joao-do-cariri-realizara-lancamento-oficial-da-paixao-de-cristo-neste-sabado-25\/","title":{"rendered":"Pastoral da Juventude de S\u00e3o Jo\u00e3o do Cariri realizar\u00e1 lan\u00e7amento oficial da Paix\u00e3o de Cristo neste s\u00e1bado (25)"},"content":{"rendered":"<p>A Pastoral da Juventude de S\u00e3o Jo\u00e3o do Cariri \u00e9 uma Pastoral da Igreja Cat\u00f3lica que congrega cerca de 100 Jovens e subsiste as dificuldades do tempo e da hist\u00f3ria, existindo a 8 anos no cora\u00e7\u00e3o do Cariri.\u00a0 \u00c9 um grupo cheio de vida, dinamismo e criatividade, fatores que impulsionam o seu crescimento not\u00f3rio na Cidade e embalam a\u00e7\u00f5es a exemplo do Espet\u00e1culo da Paix\u00e3o de Cristo.<\/p>\n<p>Criada em 2016, a Paix\u00e3o de Cristo de S\u00e3o Jo\u00e3o do Cariri, \u00e9 sempre muito esperada por todas as cidades da regi\u00e3o e na Sexta-feira Santa re\u00fane milhares de fi\u00e9is no \u00e1trio do Santu\u00e1rio que torna-se um grande teatro ao ar livre.<\/p>\n<p>Os pr\u00f3prios jovens da PJ tornam-se protagonistas dessa hist\u00f3ria e emocionam fortemente a todos os que prestigiam o espet\u00e1culo. O Espet\u00e1culo acontece com o apoio dos \u00f3rg\u00e3os p\u00fablicos, mas acima de tudo com a for\u00e7a de vontade e com o desejo dos jovens que amam a paix\u00e3o e dedicam-se para dar vida a Hist\u00f3ria.<\/p>\n<p>Neste ano o Espet\u00e1culo se realizar\u00e1 no dia 07 de Abril (Sexta-feira da Paix\u00e3o), as 19h e o Lan\u00e7amento oficial se dar\u00e1 por meio de uma coletiva de imprensa, que ser\u00e1 realizada neste s\u00e1bado (25), em evento fechado, no Centro Pastoral.<\/p>\n","protected":false},"excerpt":{"rendered":"<p>A Pastoral da Juventude de S\u00e3o Jo\u00e3o do Cariri \u00e9 uma Pastoral da Igreja Cat\u00f3lica que congrega cerca de 100 Jovens e subsiste as dificuldades&hellip; <\/p>\n","protected":false},"author":6,"featured_media":263751,"comment_status":"closed","ping_status":"closed","sticky":false,"template":"","format":"standard","meta":{"sfsi_plus_gutenberg_text_before_share":"","sfsi_plus_gutenberg_show_text_before_share":"","sfsi_plus_gutenberg_icon_type":"","sfsi_plus_gutenberg_icon_alignemt":"","sfsi_plus_gutenburg_max_per_row":"","footnotes":""},"categories":[88],"tags":[],"class_list":["post-263750","post","type-post","status-publish","format-standard","has-post-thumbnail","hentry","category-sao-joao-do-cariri"],"_links":{"self":[{"href":"https:\/\/www.caririemacao.com\/1\/wp-json\/wp\/v2\/posts\/263750","targetHints":{"allow":["GET"]}}],"collection":[{"href":"https:\/\/www.caririemacao.com\/1\/wp-json\/wp\/v2\/posts"}],"about":[{"href":"https:\/\/www.caririemacao.com\/1\/wp-json\/wp\/v2\/types\/post"}],"author":[{"embeddable":true,"href":"https:\/\/www.caririemacao.com\/1\/wp-json\/wp\/v2\/users\/6"}],"replies":[{"embeddable":true,"href":"https:\/\/www.caririemacao.com\/1\/wp-json\/wp\/v2\/comments?post=263750"}],"version-history":[{"count":2,"href":"https:\/\/www.caririemacao.com\/1\/wp-json\/wp\/v2\/posts\/263750\/revisions"}],"predecessor-version":[{"id":263772,"href":"https:\/\/www.caririemacao.com\/1\/wp-json\/wp\/v2\/posts\/263750\/revisions\/263772"}],"wp:featuredmedia":[{"embeddable":true,"href":"https:\/\/www.caririemacao.com\/1\/wp-json\/wp\/v2\/media\/263751"}],"wp:attachment":[{"href":"https:\/\/www.caririemacao.com\/1\/wp-json\/wp\/v2\/media?parent=263750"}],"wp:term":[{"taxonomy":"category","embeddable":true,"href":"https:\/\/www.caririemacao.com\/1\/wp-json\/wp\/v2\/categories?post=263750"},{"taxonomy":"post_tag","embeddable":true,"href":"https:\/\/www.caririemacao.com\/1\/wp-json\/wp\/v2\/tags?post=263750"}],"curies":[{"name":"wp","href":"https:\/\/api.w.org\/{rel}","templated":true}]}}